{"id":3065,"date":"2023-05-19T21:54:00","date_gmt":"2023-05-20T00:54:00","guid":{"rendered":"https:\/\/diariorepublica.com.ar\/web\/?p=3065"},"modified":"2023-05-19T18:54:56","modified_gmt":"2023-05-19T21:54:56","slug":"precios-justos-seguira-hasta-el-31-de-julio-y-tendra-aumentos-mensuales-de-hasta-el-38","status":"publish","type":"post","link":"https:\/\/diariorepublica.com.ar\/web\/index.php\/economia\/2023\/05\/19\/precios-justos-seguira-hasta-el-31-de-julio-y-tendra-aumentos-mensuales-de-hasta-el-38\/","title":{"rendered":"Precios Justos: seguir\u00e1 hasta el 31 de julio y tendr\u00e1 aumentos mensuales de hasta el 3,8%"},"content":{"rendered":"<p>La\u00a0<strong>Secretar\u00eda de Comercio renov\u00f3 el programa Precios Justos hasta el 31 de julio con una pauta mensual de 3,8%<\/strong>. La canasta de 2.101 productos ya se encuentra disponible en las 2.500 bocas de expendio del programa.<\/p>\n<p>De acuerdo a lo comunicado por la Secretar\u00eda de Comercio,\u00a0<strong>el 90% de los productos se mantiene de la canasta fija presentada en abril, mientras que el 4% son referencias nuevas<\/strong>.<\/p>\n<p>Seg\u00fan la informaci\u00f3n oficial, de las 112 empresas que participan del acuerdo,\u00a0<strong>39 son PyMEs, 62 grandes empresas y 11 son supermercados<\/strong>. Las PyMEs aportan el 15% de los productos de la canasta. Adem\u00e1s,\u00a0<strong>se incorporan 5 empresas del Fideicomiso de Aceites y 18 empresas del Fideicomiso de Harinas y Fideos<\/strong>.<\/p>\n<p>Asimismo, fuentes de la cartera que encabeza Mat\u00edas Tombolini, aseguraron que \u00abse contin\u00faa trabajando para la conformaci\u00f3n de una canasta para los comercios de proximidad y una nueva pauta para el resto de los productos que integran el programa\u00bb.<\/p>\n<p>La canasta que participa del convenio est\u00e1 compuesta por:\u00a0<strong>aguas, gaseosas, arroz, galletitas dulces y saladas, az\u00facar, caf\u00e9, cepillos y pastas dentales, limpiadores, conservas, shampoo, acondicionador, pa\u00f1ales descartables, crema de leche, manteca, dulce de leche, leche, harina, jab\u00f3n, lavandina, panificados, yogur, yerba, entre otros<\/strong>.<\/p>\n<p>Por otro lado, algunas de las marcas m\u00e1s relevantes de consumo masivo que participan de Precios Justos son: 9 de oro, Bagley, Gallo, La Seren\u00edsima, Mendicrim, Pepsi, Coca Cola, Ser, Yogur\u00edsimo, Cabrales, Colgate, Huggies, Pampers, Higienol, La Campagnola, La Salte\u00f1a, Plusbelle, Procenex, Quilmes Bock, Rexona, Siempre Libre, Luchetti, Oral B.<\/p>\n<p>Los productos de la canasta podr\u00e1n ser adquiridos en 2.500 bocas de expendio: supermercados de grandes superficies de ASU (Coto, Carrefour, D\u00eda, Disco, Vea, Jumbo, ChangoM\u00e1s, La An\u00f3nima, Toledo, Libertad, Josimar, entre otros) y supermercados regionales de La Cooperativa Obrera y CAS\/FASA.<\/p>\n<p>Los consumidores podr\u00e1n consultar los productos y comercios adheridos al programa a trav\u00e9s de la app de Precios Justos y realizar denuncias en caso de incumplimientos o desabastecimiento.<\/p>\n<p>Fuente: NA.<\/p>\n","protected":false},"excerpt":{"rendered":"<p>La\u00a0Secretar\u00eda de Comercio renov\u00f3 el programa Precios Justos hasta el 31 de julio con una pauta mensual de 3,8%. La<\/p>\n","protected":false},"author":1,"featured_media":3066,"comment_status":"closed","ping_status":"closed","sticky":false,"template":"","format":"standard","meta":{"footnotes":"","jetpack_publicize_message":"","jetpack_publicize_feature_enabled":true,"jetpack_social_post_already_shared":false,"jetpack_social_options":{"image_generator_settings":{"template":"highway","enabled":false},"version":2}},"categories":[5],"tags":[],"class_list":["post-3065","post","type-post","status-publish","format-standard","has-post-thumbnail","hentry","category-economia"],"jetpack_publicize_connections":[],"_links":{"self":[{"href":"https:\/\/diariorepublica.com.ar\/web\/index.php\/wp-json\/wp\/v2\/posts\/3065"}],"collection":[{"href":"https:\/\/diariorepublica.com.ar\/web\/index.php\/wp-json\/wp\/v2\/posts"}],"about":[{"href":"https:\/\/diariorepublica.com.ar\/web\/index.php\/wp-json\/wp\/v2\/types\/post"}],"author":[{"embeddable":true,"href":"https:\/\/diariorepublica.com.ar\/web\/index.php\/wp-json\/wp\/v2\/users\/1"}],"replies":[{"embeddable":true,"href":"https:\/\/diariorepublica.com.ar\/web\/index.php\/wp-json\/wp\/v2\/comments?post=3065"}],"version-history":[{"count":1,"href":"https:\/\/diariorepublica.com.ar\/web\/index.php\/wp-json\/wp\/v2\/posts\/3065\/revisions"}],"predecessor-version":[{"id":3067,"href":"https:\/\/diariorepublica.com.ar\/web\/index.php\/wp-json\/wp\/v2\/posts\/3065\/revisions\/3067"}],"wp:featuredmedia":[{"embeddable":true,"href":"https:\/\/diariorepublica.com.ar\/web\/index.php\/wp-json\/wp\/v2\/media\/3066"}],"wp:attachment":[{"href":"https:\/\/diariorepublica.com.ar\/web\/index.php\/wp-json\/wp\/v2\/media?parent=3065"}],"wp:term":[{"taxonomy":"category","embeddable":true,"href":"https:\/\/diariorepublica.com.ar\/web\/index.php\/wp-json\/wp\/v2\/categories?post=3065"},{"taxonomy":"post_tag","embeddable":true,"href":"https:\/\/diariorepublica.com.ar\/web\/index.php\/wp-json\/wp\/v2\/tags?post=3065"}],"curies":[{"name":"wp","href":"https:\/\/api.w.org\/{rel}","templated":true}]}}