{"id":3071,"date":"2023-05-20T18:03:51","date_gmt":"2023-05-20T21:03:51","guid":{"rendered":"https:\/\/diariorepublica.com.ar\/web\/?p=3071"},"modified":"2023-05-20T18:03:52","modified_gmt":"2023-05-20T21:03:52","slug":"dusso-buscamos-que-la-mineria-brinde-valor-agregado-en-catamarca-y-en-la-region","status":"publish","type":"post","link":"https:\/\/diariorepublica.com.ar\/web\/index.php\/locales\/2023\/05\/20\/dusso-buscamos-que-la-mineria-brinde-valor-agregado-en-catamarca-y-en-la-region\/","title":{"rendered":"Dusso: \u00abBuscamos que la miner\u00eda brinde valor agregado en Catamarca y en la regi\u00f3n\u00bb"},"content":{"rendered":"<p>Se realiz\u00f3 esta ma\u00f1ana en Fiambal\u00e1 la presentaci\u00f3n del libro \u00ab30 Objetos cotidianos que la miner\u00eda hace posible\u00bb, con la presencia del vicegobernador Rub\u00e9n duso y la intendenta de Fiambal\u00e1 Roxana Paul\u00f3n.<\/p>\n<p>En el evento, llevado adelante en el Hotel Abauc\u00e1n de la ciudad fiambalense, se hicieron presentes; el senador portinogasta Jos\u00e9 Misael Alan\u00eds Andrada; la Presidenta de Camyen, Susana Peralta; Marcos Mercado, gerente administrativo de Zijin; Ren\u00e9 Francisco L\u00f3pez, gerente de Geolog\u00eda y Relaciones gubernamentales de Galan Litio S.A; Juan Pablo Figueroa, responsable de RRHH; personal de las empresas\u00a0 Zlato, BBC y Huasi; Marcos Salazar, perteneciente a la empresa Audes Construcci\u00f3n; Yessica Paez, jefa de Responsabilidad Social Empresaria de la empresa Liex; autoridades y docentes de instituciones educativas.<\/p>\n<p>El vicegobernador Dusso manifest\u00f3: \u00abEste proyecto arranca en uno de los tantos viajes que realizamos al interior para ver en qu\u00e9 podemos seguir mejorando la calidad de vida de la gente. Al modelo de este librito lo vimos precisamente en Australia, donde vimos tambi\u00e9n much\u00edsimas cosas m\u00e1s que tienen que ver con el desarrollo de la miner\u00eda que, es una actividad primordial que debemos desarrollar con la participaci\u00f3n de todas y todos, dejando de ser una miner\u00eda extractiva que le conviene a unos pocos para pasar a ser una miner\u00eda industrial que le conviene al conjunto de la sociedad. Estamos preparados para dar los pr\u00f3ximos pasos necesarios tanto en la parte de las finanzas como en la formaci\u00f3n, la educaci\u00f3n, la tecnolog\u00eda y el aprovechamiento de los recursos y su aplicaci\u00f3n industrial. Buscamos que la miner\u00eda comience tambi\u00e9n a brindar valor agregado aqu\u00ed en Catamarca y en la regi\u00f3n y una muestra de ello es el avance del Polo tecnol\u00f3gico que estamos desarrollando\u00bb.<\/p>\n<p>\u00abHoy tambi\u00e9n estamos reunidos porque tenemos la convicci\u00f3n de volver a la Qu\u00edmica una ciencia m\u00e1s amigable y m\u00e1s cercana, sac\u00e1ndola del lugar de una ciencia dif\u00edcil de entender y aplicar para que pase a ense\u00f1arse de tal manera que pueda internalizarse. Volviendo al ejemplo de Australia, tomamos la ense\u00f1anza de que hay dos formaciones profesionales que no deben faltar para un completo desarrollo de la industria minera en una sociedad; la qu\u00edmica y la hidrogeolog\u00eda. Tenemos la qu\u00edmica pero a\u00fan nos falta acercarla a un formato amigable para poder cumplir con el objetivo de que se vuelva una ciencia aplicable a todo nuestro desarrollo. Entonces hoy, adem\u00e1s de presentar este libro y los recursos que tiene Catamarca, las invito y los invito a ser protagonistas y que hagamos todo lo que nos falta\u00bb, cerr\u00f3 el vicegobernador.<\/p>\n","protected":false},"excerpt":{"rendered":"<p>Se realiz\u00f3 esta ma\u00f1ana en Fiambal\u00e1 la presentaci\u00f3n del libro \u00ab30 Objetos cotidianos que la miner\u00eda hace posible\u00bb, con la<\/p>\n","protected":false},"author":1,"featured_media":3072,"comment_status":"closed","ping_status":"closed","sticky":false,"template":"","format":"standard","meta":{"footnotes":"","jetpack_publicize_message":"","jetpack_publicize_feature_enabled":true,"jetpack_social_post_already_shared":false,"jetpack_social_options":{"image_generator_settings":{"template":"highway","enabled":false},"version":2}},"categories":[2],"tags":[],"class_list":["post-3071","post","type-post","status-publish","format-standard","has-post-thumbnail","hentry","category-locales"],"jetpack_publicize_connections":[],"_links":{"self":[{"href":"https:\/\/diariorepublica.com.ar\/web\/index.php\/wp-json\/wp\/v2\/posts\/3071"}],"collection":[{"href":"https:\/\/diariorepublica.com.ar\/web\/index.php\/wp-json\/wp\/v2\/posts"}],"about":[{"href":"https:\/\/diariorepublica.com.ar\/web\/index.php\/wp-json\/wp\/v2\/types\/post"}],"author":[{"embeddable":true,"href":"https:\/\/diariorepublica.com.ar\/web\/index.php\/wp-json\/wp\/v2\/users\/1"}],"replies":[{"embeddable":true,"href":"https:\/\/diariorepublica.com.ar\/web\/index.php\/wp-json\/wp\/v2\/comments?post=3071"}],"version-history":[{"count":1,"href":"https:\/\/diariorepublica.com.ar\/web\/index.php\/wp-json\/wp\/v2\/posts\/3071\/revisions"}],"predecessor-version":[{"id":3073,"href":"https:\/\/diariorepublica.com.ar\/web\/index.php\/wp-json\/wp\/v2\/posts\/3071\/revisions\/3073"}],"wp:featuredmedia":[{"embeddable":true,"href":"https:\/\/diariorepublica.com.ar\/web\/index.php\/wp-json\/wp\/v2\/media\/3072"}],"wp:attachment":[{"href":"https:\/\/diariorepublica.com.ar\/web\/index.php\/wp-json\/wp\/v2\/media?parent=3071"}],"wp:term":[{"taxonomy":"category","embeddable":true,"href":"https:\/\/diariorepublica.com.ar\/web\/index.php\/wp-json\/wp\/v2\/categories?post=3071"},{"taxonomy":"post_tag","embeddable":true,"href":"https:\/\/diariorepublica.com.ar\/web\/index.php\/wp-json\/wp\/v2\/tags?post=3071"}],"curies":[{"name":"wp","href":"https:\/\/api.w.org\/{rel}","templated":true}]}}