{"id":30952,"date":"2026-04-27T00:20:00","date_gmt":"2026-04-27T03:20:00","guid":{"rendered":"https:\/\/diariorepublica.com.ar\/web\/?p=30952"},"modified":"2026-04-27T07:21:16","modified_gmt":"2026-04-27T10:21:16","slug":"gran-convocatoria-en-el-velodromo-sur-para-una-nueva-jornada-de-bienestar-activo","status":"publish","type":"post","link":"https:\/\/diariorepublica.com.ar\/web\/index.php\/sociedad\/2026\/04\/27\/gran-convocatoria-en-el-velodromo-sur-para-una-nueva-jornada-de-bienestar-activo\/","title":{"rendered":"Gran convocatoria en el Vel\u00f3dromo Sur para una nueva jornada de Bienestar Activo"},"content":{"rendered":"<p>Con un marco multitudinario de familias, la Vicegobernaci\u00f3n de la Provincia llev\u00f3 adelante una nueva edici\u00f3n del programa itinerante \u00abBienestar Activo + Lleguemos al Barrio\u00bb, este \u00faltimo a cargo del Ministerio de Salud. El encuentro, que tuvo lugar en el Vel\u00f3dromo Sur, permiti\u00f3 consolidar el trabajo territorial de la gesti\u00f3n que encabeza Rub\u00e9n Dusso, acercando servicios de salud, tr\u00e1mites y recreaci\u00f3n de manera directa y gratuita a los vecinos de la zona sur de la Capital.<\/p>\n<p>La jornada se transform\u00f3 en un centro de atenci\u00f3n donde los vecinos accedieron a consultas en cl\u00ednica m\u00e9dica, cardiolog\u00eda, odontolog\u00eda y pediatr\u00eda. Asimismo, se destac\u00f3 la presencia del m\u00f3vil del Registro Civil, \u00a0de la mano del Ministerio de Gobierno, para tr\u00e1mites de DNI y el servicio de Zoonosis, que brind\u00f3 asistencia veterinaria y castraciones, respondiendo a una alta demanda de la comunidad.<\/p>\n<p><b>Cultura y servicios para toda la familia<\/b><\/p>\n<p>Uno de los puntos destacados de la tarde fue el espacio dedicado a las infancias, donde el equipo de la Biblioteca del Senado desarroll\u00f3 actividades de promoci\u00f3n de la lectura y talleres de dibujo para los m\u00e1s peque\u00f1os. Esta propuesta cultural se sum\u00f3 a los servicios de peluquer\u00eda solidaria y al sector de emprendedores locales, creando un ambiente de integraci\u00f3n donde la asistencia institucional convivi\u00f3 con el esparcimiento familiar.<\/p>\n","protected":false},"excerpt":{"rendered":"<p>Con un marco multitudinario de familias, la Vicegobernaci\u00f3n de la Provincia llev\u00f3 adelante una nueva edici\u00f3n del programa itinerante \u00abBienestar<\/p>\n","protected":false},"author":1,"featured_media":30953,"comment_status":"closed","ping_status":"closed","sticky":false,"template":"","format":"standard","meta":{"footnotes":"","jetpack_publicize_message":"","jetpack_publicize_feature_enabled":true,"jetpack_social_post_already_shared":true,"jetpack_social_options":{"image_generator_settings":{"template":"highway","enabled":false},"version":2}},"categories":[3],"tags":[],"class_list":["post-30952","post","type-post","status-publish","format-standard","has-post-thumbnail","hentry","category-sociedad"],"jetpack_publicize_connections":[],"_links":{"self":[{"href":"https:\/\/diariorepublica.com.ar\/web\/index.php\/wp-json\/wp\/v2\/posts\/30952"}],"collection":[{"href":"https:\/\/diariorepublica.com.ar\/web\/index.php\/wp-json\/wp\/v2\/posts"}],"about":[{"href":"https:\/\/diariorepublica.com.ar\/web\/index.php\/wp-json\/wp\/v2\/types\/post"}],"author":[{"embeddable":true,"href":"https:\/\/diariorepublica.com.ar\/web\/index.php\/wp-json\/wp\/v2\/users\/1"}],"replies":[{"embeddable":true,"href":"https:\/\/diariorepublica.com.ar\/web\/index.php\/wp-json\/wp\/v2\/comments?post=30952"}],"version-history":[{"count":1,"href":"https:\/\/diariorepublica.com.ar\/web\/index.php\/wp-json\/wp\/v2\/posts\/30952\/revisions"}],"predecessor-version":[{"id":30954,"href":"https:\/\/diariorepublica.com.ar\/web\/index.php\/wp-json\/wp\/v2\/posts\/30952\/revisions\/30954"}],"wp:featuredmedia":[{"embeddable":true,"href":"https:\/\/diariorepublica.com.ar\/web\/index.php\/wp-json\/wp\/v2\/media\/30953"}],"wp:attachment":[{"href":"https:\/\/diariorepublica.com.ar\/web\/index.php\/wp-json\/wp\/v2\/media?parent=30952"}],"wp:term":[{"taxonomy":"category","embeddable":true,"href":"https:\/\/diariorepublica.com.ar\/web\/index.php\/wp-json\/wp\/v2\/categories?post=30952"},{"taxonomy":"post_tag","embeddable":true,"href":"https:\/\/diariorepublica.com.ar\/web\/index.php\/wp-json\/wp\/v2\/tags?post=30952"}],"curies":[{"name":"wp","href":"https:\/\/api.w.org\/{rel}","templated":true}]}}