{"id":30964,"date":"2026-04-27T07:42:53","date_gmt":"2026-04-27T10:42:53","guid":{"rendered":"https:\/\/diariorepublica.com.ar\/web\/?p=30964"},"modified":"2026-04-27T07:42:55","modified_gmt":"2026-04-27T10:42:55","slug":"premios-martin-fierro-de-la-moda-2026-todos-los-ganadores","status":"publish","type":"post","link":"https:\/\/diariorepublica.com.ar\/web\/index.php\/espectaculos\/2026\/04\/27\/premios-martin-fierro-de-la-moda-2026-todos-los-ganadores\/","title":{"rendered":"Premios Mart\u00edn Fierro de la Moda 2026: todos los ganadores"},"content":{"rendered":"<article class=\"article-body first\">\n<div class=\"article-content\">\n<div class=\"news-body-paragraph\">\n<p id=\"p-1777261965369-60942\">La\u00a0<strong>Asociaci\u00f3n de Periodistas de la Televisi\u00f3n y la Radiofon\u00eda Argentinas (APTRA)\u00a0<\/strong>realiz\u00f3 este domingo una nueva edici\u00f3n de los\u00a0<strong>Premios Mart\u00edn Fierro de la Moda 2026<\/strong>, con una ceremonia transmitida por\u00a0<strong>Telefe<\/strong>\u00a0y conducida por\u00a0<strong>Valeria Mazza<\/strong>\u00a0e<strong>\u00a0Iv\u00e1n de Pineda.<\/strong><\/p>\n<\/div>\n<\/div>\n<\/article>\n<article class=\"article-body par-2\">\n<div class=\"article-content\">\n<div class=\"news-body-paragraph\">\n<p id=\"p-1777261965369-69909\">Antes de la entrega principal, la alfombra roja estuvo a cargo de\u00a0<strong>Zaira Nara<\/strong>\u00a0y\u00a0<strong>Leandro \u201cChino\u201d Leunis<\/strong>, quienes recibieron a las principales figuras del espect\u00e1culo, la televisi\u00f3n y la industria fashion argentina.<\/p>\n<article class=\"article-body par-3\">\n<div class=\"article-content\">\n<div class=\"news-body-paragraph\">\n<p id=\"p-1777262576030-6018\">Muchos de los premiados se\u00f1alaron la importancia de defender la industria textil y las derivadas de la misma en la Rep\u00fablica Argentina como as\u00ed tambi\u00e9n otras, tales como la audiovisual cuando\u00a0<strong>Benjam\u00edn Vicu\u00f1a<\/strong>\u00a0se consagr\u00f3 como actor con mejor estilo en ficci\u00f3n.<\/p>\n<\/div>\n<\/div>\n<\/article>\n<article class=\"article-body par-4\">\n<div class=\"article-content\">\n<div class=\"news-body-paragraph\">\n<div id=\"embed31_wrap\" class=\"embed_cont type_freetext\" contenteditable=\"false\">\n<div id=\"embed31_content\" class=\"embed_content\">\n<div id=\"embed31_embed\"><iframe id=\"instagram-embed-0\" class=\"instagram-media instagram-media-rendered\" src=\"https:\/\/www.instagram.com\/reel\/DXnidqBFmyS\/embed\/captioned\/?cr=1&amp;v=14&amp;wp=675&amp;rd=https%3A%2F%2Fwww.a24.com&amp;rp=%2Fprimiciasya%2Fpremios-martin-fierro-la-moda-2026-todos-los-ganadores-y-quien-se-llevo-el-oro-n1549927#%7B%22ci%22%3A0%2C%22os%22%3A445922.2000000477%2C%22ls%22%3A445576.40000009537%2C%22le%22%3A445916.5%7D\" height=\"1005\" frameborder=\"0\" scrolling=\"no\" allowfullscreen=\"allowfullscreen\" data-instgrm-payload-id=\"instagram-media-payload-0\" data-gtm-yt-inspected-8=\"true\" data-gtm-yt-inspected-31521157_77=\"true\" data-mce-fragment=\"1\"><\/iframe><\/div>\n<\/div>\n<div id=\"p-1777267069538-10792\" class=\"embed_wrapper-cont\">\n<div id=\"embed31_epigrafe\" class=\"embed_epigrafe\"><\/div>\n<\/div>\n<\/div>\n<p id=\"p-1777267055574-33348\">\n<\/div>\n<\/div>\n<\/article>\n<article class=\"article-body third-p\">\n<div class=\"article-content\">\n<div class=\"news-body-paragraph\">\n<p id=\"p-1777263444277-85415\">\n<p id=\"p-1777264162268-20208\">El cierre de la noche lleg\u00f3 con el momento m\u00e1s esperado se anunci\u00f3 que\u00a0<strong>Juana Viale<\/strong>\u00a0se consagr\u00f3 ganadora del\u00a0<strong>Mart\u00edn Fierro de Oro de la Moda 2026.<\/strong><\/p>\n<p id=\"p-1777264162268-74869\">Minutos antes, la conductora tambi\u00e9n hab\u00eda sido distinguida en la categor\u00eda mejor estilo en conducci\u00f3n femenina en programa semanal por su labor al frente de<strong>\u00a0Almorzando con Juana (El Trece)<\/strong>.<\/p>\n<p id=\"p-1777264162268-1811\">Visiblemente emocionada, al subir al escenario, Juana agradeci\u00f3 a su equipo de trabajo y le dedic\u00f3 unas sentidas palabras a sus hijos:<em><strong>\u00a0\u201cAguantan a una madre laburadora que muchas veces no est\u00e1 en casa\u201d<\/strong><\/em>.<\/p>\n<p id=\"p-1777264162268-60175\">Adem\u00e1s, destac\u00f3 el apoyo y las ense\u00f1anzas de su madre,\u00a0<strong>Marcela Tinayre<\/strong>, y tambi\u00e9n homenaje\u00f3 a su abuela,\u00a0<strong>Mirtha Legrand<\/strong>, a quien defini\u00f3 como \u00fanica en materia de elegancia:<em><strong>\u00a0\u201cQue no se ver\u00e1 jam\u00e1s en la faz de la tierra\u201d<\/strong><\/em>.<\/p>\n<p id=\"p-1777264162268-87092\">Finalmente, dej\u00f3 un fuerte mensaje en defensa de la industria nacional:<em><strong>\u00a0\u201cHered\u00e9 algo que no s\u00e9 qu\u00e9 es, pero que ac\u00e1 est\u00e1 y est\u00e1 premiado. Aguante la moda, el dise\u00f1o argentino, que repito, es un manifiesto, es arte, es cultura. No abandonemos nada de todo eso, que es lo que nos representa ac\u00e1 y en el mundo\u201d.<\/strong><\/em><\/p>\n<p id=\"p-1777261965369-63390\">\n<div id=\"embed41_wrap\" class=\"embed_cont type_freetext\" contenteditable=\"false\">\n<div id=\"p-1777262524337-50894\" class=\"embed_wrapper-cont\">\n<div id=\"embed41_epigrafe\" class=\"embed_epigrafe\"><\/div>\n<\/div>\n<\/div>\n<p id=\"p-1777261965369-92026\"><strong>Todos los ganadores de los Mart\u00edn Fierro de la Moda 2026<\/strong><\/p>\n<p id=\"p-1777261965369-9798\"><strong>Mejor estilo en redes<\/strong><\/p>\n<p id=\"p-1777261965369-84545\"><strong>-Carolina \u201cPampita\u201d Ardohain<\/strong><\/p>\n<p id=\"p-1777261965369-56664\">-Valentina Zenere<\/p>\n<p id=\"p-1777261965369-4260\">-Martita Fort<\/p>\n<p id=\"p-1777261965369-36018\">-Tefi Russo<\/p>\n<p id=\"p-1777263021063-84822\">\n<p id=\"p-1777261965369-52914\"><strong>Mejor dise\u00f1ador de moda masculina<\/strong><\/p>\n<p id=\"p-1777261965369-98762\">-Mat\u00edas Carbone<\/p>\n<p id=\"p-1777261965369-18905\"><strong>-Nicol\u00e1s Zaffora<\/strong><\/p>\n<p id=\"p-1777261965369-75194\">-Sebasti\u00e1n Raimondi<\/p>\n<p id=\"p-1777261965369-24949\"><strong>Mejor estilo femenino en streaming<\/strong><\/p>\n<p id=\"p-1777261965369-92974\">-Momi Giardina (Telefe \u2013 Luzu)<\/p>\n<p id=\"p-1777261965369-24394\"><strong>-Evelyn Botto (Olga)<\/strong><\/p>\n<p id=\"p-1777261965369-35552\">-Flor Jazm\u00edn Pe\u00f1a (Luzu)<\/p>\n<p id=\"p-1777261965369-73153\">-Nati Jota (Telefe \u2013 Olga)<\/p>\n<p id=\"p-1777261965369-53237\"><strong>Mejor estilo masculino en Big Show<\/strong><\/p>\n<p id=\"p-1777261965369-59152\">-Ale Sergi (La Voz Argentina)<\/p>\n<p id=\"p-1777261965369-35613\"><strong>-Nico Occhiato (La Voz Argentina)<\/strong><\/p>\n<p id=\"p-1777261965369-88545\">-Luck Ra (La Voz Argentina)<\/p>\n<p id=\"p-1777262992786-78143\">\n<p id=\"p-1777261965369-71482\"><strong>Mejor estilo panelista femenina<\/strong><\/p>\n<p id=\"p-1777261965369-42127\">-Anal\u00eda Franch\u00edn (A la Barbarrossa)<\/p>\n<p id=\"p-1777261965369-41798\">-Carolina Molinari (Puro Show)<\/p>\n<p id=\"p-1777261965369-860\"><strong>-Sol P\u00e9rez (Gran Hermano)<\/strong><\/p>\n<p id=\"p-1777261965369-127\"><strong>Mart\u00edn Fierro Homenaje<\/strong><\/p>\n<p id=\"p-1777261965369-38503\">Talento argentino en el mundo: homenaje a\u00a0<strong>Adri\u00e1n Appiolaza<\/strong><\/p>\n<p id=\"p-1777261965369-405\"><strong>Actor con mejor estilo en ficci\u00f3n<\/strong><\/p>\n<p id=\"p-1777261965369-5151\"><strong>-Benjam\u00edn Vicu\u00f1a (Coraz\u00f3n delator)<\/strong><\/p>\n<p id=\"p-1777261965369-37154\">-Franco Masini (El Retorno)<\/p>\n<p id=\"p-1777261965369-57721\">-Leonardo Sbaraglia (Menem)<\/p>\n<p id=\"p-1777262962281-83088\">\n<p id=\"p-1777261965369-33237\"><strong>Mejor influencer de moda<\/strong><\/p>\n<p id=\"p-1777261965369-48455\"><strong>-Zaira Nara<\/strong><\/p>\n<p id=\"p-1777261965369-2326\">-Stephanie Demner<\/p>\n<p id=\"p-1777261965369-15392\">-Zuzu Coudeu<\/p>\n<p id=\"p-1777261965369-51863\"><strong>Mejor estilo en conducci\u00f3n femenina en programa diario<\/strong><\/p>\n<p id=\"p-1777261965369-38229\"><strong>-Vero Lozano (Cort\u00e1 por Lozano)<\/strong><\/p>\n<p id=\"p-1777261965369-2144\">-Yanina Latorre (SQP)<\/p>\n<p id=\"p-1777261965369-43233\">-Mariana Fabbiani (DDM)<\/p>\n<p id=\"p-1777261965369-34335\">-Flor de la V (Los Profesionales)<\/p>\n<p id=\"p-1777263057871-31613\">\n<p id=\"p-1777261965369-22426\"><strong>Mejor estilista<\/strong><\/p>\n<p id=\"p-1777261965369-35344\"><strong>-Mariana Garc\u00eda Navarro \u2013 Nacho Garc\u00eda Rocha (Los Garc\u00eda)<\/strong><\/p>\n<p id=\"p-1777261965369-92267\">-Romina Giangreco<\/p>\n<p id=\"p-1777261965369-7463\">-Celina Lattanzio (Negra Negra)<\/p>\n<p id=\"p-1777261965369-50728\"><strong>Mart\u00edn Fierro Homenaje<\/strong><\/p>\n<p id=\"p-1777261965369-59026\">-\u00cdcono de la moda:\u00a0<strong>Susana Gim\u00e9nez<\/strong><\/p>\n<p id=\"p-1777261965369-31348\"><strong>Mejor peluquero<\/strong><\/p>\n<p id=\"p-1777261965369-88925\"><strong>-Max Jara<\/strong><\/p>\n<p id=\"p-1777261965369-20351\">-Mauro Max De Brito<\/p>\n<p id=\"p-1777261965369-58334\">-Facu D\u00edaz (Niche Studio)<\/p>\n<p id=\"p-1777261965369-37812\">-Cristian Rey<\/p>\n<p id=\"p-1777261965369-42876\"><strong>Mejor estilo panelista masculino<\/strong><\/p>\n<p id=\"p-1777261965369-14153\">-Hern\u00e1n Drago (Los 8 Escalones)<\/p>\n<p id=\"p-1777261965369-9641\">-Fabi\u00e1n Paz (DDM)<\/p>\n<p id=\"p-1777261965369-85140\"><strong>-Lizardo Ponce (SQP)<\/strong><\/p>\n<p id=\"p-1777261965369-827\">-Gast\u00f3n Trezeguet (Gran Hermano)<\/p>\n<p id=\"p-1777261965369-19831\"><strong>Mejor estilo en conducci\u00f3n femenina en programa semanal<\/strong><\/p>\n<p id=\"p-1777261965369-28179\">-Mirtha Legrand (La noche de Mirtha)<\/p>\n<p id=\"p-1777261965369-2149\"><strong>-Juana Viale (Almorzando con Juana)<\/strong><\/p>\n<p id=\"p-1777261965369-480\">-Tet\u00e9 Coustarot (Argentina, de pel\u00edcula)<\/p>\n<p id=\"p-1777261965369-7984\">-Josefina \u201cChina\u201d Ansa (Lado V)<\/p>\n<p id=\"p-1777261965369-71010\"><strong>Nuevo talento de la moda<\/strong><\/p>\n<p id=\"p-1777261965369-49799\"><strong>Valentina Schuchner<\/strong><\/p>\n<p id=\"p-1777261965369-50497\">-Luz Ballesteros<\/p>\n<p id=\"p-1777261965369-91197\">-Anushka Elliot<\/p>\n<p id=\"p-1777261965369-25027\"><strong>Actriz con mejor estilo en ficci\u00f3n<\/strong><\/p>\n<p id=\"p-1777261965369-6009\">-Griselda Siciliani (Envidiosa)<\/p>\n<p id=\"p-1777261965369-87464\">-M\u00f3nica Anton\u00f3pulos (Menem)<\/p>\n<p id=\"p-1777261965369-46724\"><strong>-Julieta Zylberberg (Yiya)<\/strong><\/p>\n<p id=\"p-1777261965369-55472\">-B\u00e1rbara Lombardo (Envidiosa)<\/p>\n<p id=\"p-1777261965369-73958\"><strong>Mejor maquillador\/a<\/strong><\/p>\n<p id=\"p-1777261965369-91336\">-Mabby Autino<\/p>\n<p id=\"p-1777261965369-7026\">-Vero Luna<\/p>\n<p id=\"p-1777261965369-1665\"><strong>-Gervasio Larrivey<\/strong><\/p>\n<p id=\"p-1777261965369-39195\"><strong>Mejor estilo masculino en streaming<\/strong><\/p>\n<p id=\"p-1777261965369-13126\">-Santi Talledo (Telefe \u2013 Luzu)<\/p>\n<p id=\"p-1777261965369-74846\">-Grego Rossello (Telefe)<\/p>\n<p id=\"p-1777261965369-11299\"><strong>-Fer Dente (Olga)<\/strong><\/p>\n<p id=\"p-1777261965369-67018\">-Nacho Elizalde (Olga)<\/p>\n<p id=\"p-1777264331820-31892\">\n<p id=\"p-1777261965369-66299\"><strong>Mejor estilo femenino en Big Show<\/strong><\/p>\n<p id=\"p-1777261965369-26982\">-Lali Esp\u00f3sito (La Voz Argentina)<\/p>\n<p id=\"p-1777261965369-44559\"><strong>Sof\u00eda \u201cLa Reini\u201d Gonet (MasterChef Celebrity)<\/strong><\/p>\n<p id=\"p-1777261965369-25932\">-Wanda Nara (MasterChef Celebrity)<\/p>\n<p id=\"p-1777261965369-13710\">-Carolina \u201cPampita\u201d Ardohain (Los 8 Escalones)<\/p>\n<p id=\"p-1777261965369-1292\"><strong>Mejor estilo en conducci\u00f3n masculina<\/strong><\/p>\n<p id=\"p-1777261965369-61861\">-Mario Pergolini (Otro d\u00eda perdido)<\/p>\n<p id=\"p-1777261965369-19439\"><strong>-Iv\u00e1n de Pineda (Pasapalabra)<\/strong><\/p>\n<p id=\"p-1777261965369-21690\">-H\u00e9ctor Maugeri (+Caras)<\/p>\n<p id=\"p-1777261965369-11669\">-\u00c1ngel de Brito (LAM)<\/p>\n<p id=\"p-1777261965369-40611\">Mariano I\u00fadica (Pol\u00e9mica en el bar)<\/p>\n<p id=\"p-1777261965369-92930\"><strong>Mart\u00edn Fierro Homenaje<\/strong><\/p>\n<p id=\"p-1777261965369-32376\">-Arte &amp; Moda:\u00a0<strong>J\u00e9ssica Trosman<\/strong><\/p>\n<p id=\"p-1777261965369-42667\"><strong>Mejor dise\u00f1ador\/a de moda femenina<\/strong><\/p>\n<p id=\"p-1777261965369-6031\">-Javier Saiach<\/p>\n<p id=\"p-1777261965369-44571\"><strong>Evangelina Bomparola<\/strong><\/p>\n<p id=\"p-1777261965369-40253\">-Marcelo Senra<\/p>\n<p id=\"p-1777261965369-14338\">-Juan Hern\u00e1ndez Daels<\/p>\n<h6 id=\"p-1777261965369-76300\">Mart\u00edn Fierro de Oro<\/h6>\n<p id=\"p-1777261965369-99132\"><strong>-Juana Viale<\/strong><\/p>\n<\/div>\n<p>primiciasya.com<\/p>\n<div class=\"news-body-paragraph\">\n<div id=\"1820664-Libre Sin Limite-1939126379_wrap\" class=\"embed_cont type_imagen\" contenteditable=\"false\"><\/div>\n<\/div>\n<\/div>\n<\/article>\n<\/div>\n<\/div>\n<\/article>\n","protected":false},"excerpt":{"rendered":"<p>La\u00a0Asociaci\u00f3n de Periodistas de la Televisi\u00f3n y la Radiofon\u00eda Argentinas (APTRA)\u00a0realiz\u00f3 este domingo una nueva edici\u00f3n de los\u00a0Premios Mart\u00edn Fierro<\/p>\n","protected":false},"author":1,"featured_media":30965,"comment_status":"closed","ping_status":"closed","sticky":false,"template":"","format":"standard","meta":{"footnotes":"","jetpack_publicize_message":"","jetpack_publicize_feature_enabled":true,"jetpack_social_post_already_shared":true,"jetpack_social_options":{"image_generator_settings":{"template":"highway","enabled":false},"version":2}},"categories":[7],"tags":[],"class_list":["post-30964","post","type-post","status-publish","format-standard","has-post-thumbnail","hentry","category-espectaculos"],"jetpack_publicize_connections":[],"_links":{"self":[{"href":"https:\/\/diariorepublica.com.ar\/web\/index.php\/wp-json\/wp\/v2\/posts\/30964"}],"collection":[{"href":"https:\/\/diariorepublica.com.ar\/web\/index.php\/wp-json\/wp\/v2\/posts"}],"about":[{"href":"https:\/\/diariorepublica.com.ar\/web\/index.php\/wp-json\/wp\/v2\/types\/post"}],"author":[{"embeddable":true,"href":"https:\/\/diariorepublica.com.ar\/web\/index.php\/wp-json\/wp\/v2\/users\/1"}],"replies":[{"embeddable":true,"href":"https:\/\/diariorepublica.com.ar\/web\/index.php\/wp-json\/wp\/v2\/comments?post=30964"}],"version-history":[{"count":1,"href":"https:\/\/diariorepublica.com.ar\/web\/index.php\/wp-json\/wp\/v2\/posts\/30964\/revisions"}],"predecessor-version":[{"id":30966,"href":"https:\/\/diariorepublica.com.ar\/web\/index.php\/wp-json\/wp\/v2\/posts\/30964\/revisions\/30966"}],"wp:featuredmedia":[{"embeddable":true,"href":"https:\/\/diariorepublica.com.ar\/web\/index.php\/wp-json\/wp\/v2\/media\/30965"}],"wp:attachment":[{"href":"https:\/\/diariorepublica.com.ar\/web\/index.php\/wp-json\/wp\/v2\/media?parent=30964"}],"wp:term":[{"taxonomy":"category","embeddable":true,"href":"https:\/\/diariorepublica.com.ar\/web\/index.php\/wp-json\/wp\/v2\/categories?post=30964"},{"taxonomy":"post_tag","embeddable":true,"href":"https:\/\/diariorepublica.com.ar\/web\/index.php\/wp-json\/wp\/v2\/tags?post=30964"}],"curies":[{"name":"wp","href":"https:\/\/api.w.org\/{rel}","templated":true}]}}