{"id":30967,"date":"2026-04-27T00:43:00","date_gmt":"2026-04-27T03:43:00","guid":{"rendered":"https:\/\/diariorepublica.com.ar\/web\/?p=30967"},"modified":"2026-04-27T07:47:01","modified_gmt":"2026-04-27T10:47:01","slug":"de-los-mejores-dias-de-mi-vida-el-sentido-mensaje-de-franco-colapinto-tras-el-road-show","status":"publish","type":"post","link":"https:\/\/diariorepublica.com.ar\/web\/index.php\/deportes\/2026\/04\/27\/de-los-mejores-dias-de-mi-vida-el-sentido-mensaje-de-franco-colapinto-tras-el-road-show\/","title":{"rendered":"\u201cDe los mejores d\u00edas de mi vida\u201d: el sentido mensaje de Franco Colapinto tras el Road Show"},"content":{"rendered":"<p>Franco Colapinto protagoniz\u00f3 una jornada inolvidable en las calles de Buenos Aires.\u00a0Ante una multitud, manej\u00f3 el Lotus E20 de Alpine y la legendaria \u00abFlecha de Plata\u00bb de Juan Manuel Fangio, en un evento que reuni\u00f3 a cientos de miles de fan\u00e1ticos.<\/p>\n<article class=\"article-body\">\n<div class=\"article-content\">\n<div class=\"news-body-paragraph\" data-twitter-link=\"\">\n<p id=\"p-1777245878314-4294\" data-start=\"756\" data-end=\"825\">Tras la exhibici\u00f3n, Colapinto comparti\u00f3 su emoci\u00f3n en redes sociales. \u00abDe los mejores d\u00edas de mi vida\u00bb<\/p>\n<\/div>\n<\/div>\n<\/article>\n<article class=\"article-body par-3\">\n<div class=\"article-content\">\n<div class=\"news-body-paragraph\" data-twitter-link=\"\">\n<p id=\"p-1777245878314-94199\" data-start=\"863\" data-end=\"877\">Luego, agreg\u00f3:\u00bbEsta fiesta es de todos ustedes. Gracias por hacerlo posible y por hacernos pasar un d\u00eda tan especial\u00bb.<\/p>\n<\/div>\n<\/div>\n<\/article>\n<article class=\"article-body par-4\">\n<div class=\"article-content\">\n<div class=\"news-body-paragraph\" data-twitter-link=\"\">\n<div id=\"1820612-Libre Sin Limite-1400733925_wrap\" class=\"embed_cont type_imagen\" contenteditable=\"false\">\n<div id=\"1820612-Libre Sin Limite-1400733925_content\" class=\"embed_content\"><img decoding=\"async\" id=\"1820612-Libre Sin Limite-1400733925_embed\" title=\"\" src=\"https:\/\/media.a24.com\/p\/b4ba808c8aec12347386d80eaa9b1eb1\/adjuntos\/296\/imagenes\/009\/739\/0009739551\/1200x0\/smart\/colapinto.png\" alt=\"\" width=\"1200\" height=\"undefined\" data-td-src-property=\"https:\/\/media.a24.com\/p\/b4ba808c8aec12347386d80eaa9b1eb1\/adjuntos\/296\/imagenes\/009\/739\/0009739551\/1200x0\/smart\/colapinto.png\" \/><\/p>\n<div class=\"zoomBTN-wrapper\">\n<div id=\"zoomBtn-1820612-Libre Sin Limite-1400733925_embed\" class=\"zoomBTN icon-fullscreen\"><\/div>\n<\/div>\n<\/div>\n<div class=\"embed_wrapper-cont\">\n<div id=\"1820612-Libre Sin Limite-1400733925_epigrafe\" class=\"embed_epigrafe\"><\/div>\n<div id=\"1820612-Libre Sin Limite-1400733925_copyright\" class=\"embed_copyright\"><\/div>\n<\/div>\n<\/div>\n<p id=\"p-1777246056061-1933\" data-start=\"863\" data-end=\"877\">\n<\/div>\n<\/div>\n<\/article>\n<article class=\"article-body par-5\">\n<div class=\"article-content\">\n<div class=\"news-body-paragraph\" data-twitter-link=\"\">\n<p id=\"p-1777245924262-48826\" data-start=\"863\" data-end=\"877\">\n<p id=\"p-1777245878314-54413\" data-start=\"987\" data-end=\"1149\">El joven piloto de 22 a\u00f1os vivi\u00f3 una jornada \u00fanica, acompa\u00f1ado por familiares, amigos y una marea de fan\u00e1ticos que colm\u00f3 las calles del barrio porte\u00f1o de Palermo.<\/p>\n<p id=\"p-1777245878314-84150\" data-section-id=\"1eb0ige\" data-start=\"1156\" data-end=\"1195\"><strong>Un momento inolvidable con su abuela<\/strong><\/p>\n<p id=\"p-1777245878314-23463\" data-start=\"1197\" data-end=\"1327\">Antes de salir a pista, Colapinto protagoniz\u00f3 uno de los momentos m\u00e1s emotivos de la jornada al compartir la previa con su abuela.<\/p>\n<p id=\"p-1777245878314-44725\" data-start=\"1329\" data-end=\"1400\">La escena r\u00e1pidamente se volvi\u00f3 viral y emocion\u00f3 a miles de seguidores.<\/p>\n<div id=\"1820610-Libre-6789367_wrap\" class=\"embed_cont type_imagen\" contenteditable=\"false\">\n<div id=\"1820610-Libre-6789367_content\" class=\"embed_content\"><img loading=\"lazy\" decoding=\"async\" id=\"1820610-Libre-6789367_embed\" title=\"\" src=\"https:\/\/media.a24.com\/p\/58bc8934b1ce66eef6e09257ddb17911\/adjuntos\/296\/imagenes\/009\/739\/0009739549\/1200x675\/smart\/2026-04-26t194355z_275212708_up1em4q1it5eb_rtrmadp_3_motor-f1-argentina.JPG\" alt=\"\" width=\"1200\" height=\"675\" data-td-src-property=\"https:\/\/media.a24.com\/p\/58bc8934b1ce66eef6e09257ddb17911\/adjuntos\/296\/imagenes\/009\/739\/0009739549\/1200x675\/smart\/2026-04-26t194355z_275212708_up1em4q1it5eb_rtrmadp_3_motor-f1-argentina.JPG\" \/><\/p>\n<div class=\"zoomBTN-wrapper\">\n<div id=\"zoomBtn-1820610-Libre-6789367_embed\" class=\"zoomBTN icon-fullscreen\"><\/div>\n<\/div>\n<\/div>\n<div id=\"p-1777245980789-9312\" class=\"embed_wrapper-cont\">\n<div id=\"1820610-Libre-6789367_epigrafe\" class=\"embed_epigrafe\"><\/div>\n<div id=\"1820610-Libre-6789367_copyright\" class=\"embed_copyright\"><\/div>\n<\/div>\n<\/div>\n<p id=\"p-1777245878314-11585\" data-start=\"1402\" data-end=\"1524\">El argentino demostr\u00f3, una vez m\u00e1s, la cercan\u00eda que mantiene con su familia pese al vertiginoso crecimiento de su carrera.<\/p>\n<div id=\"795643-286513121_content\" class=\"embed_content\">\n<div id=\"795643-286513121_embed\">\n<div id=\"mediaPlayer_795643-286513121\"><iframe loading=\"lazy\" src=\"https:\/\/www.diariopopular.com.ar\/services\/embed.php?idAdjunto=795643&amp;idAdjuntoTamano=&amp;width=622&amp;height=351&amp;tipo=video\" width=\"622\" height=\"351\" frameborder=\"0\" scrolling=\"no\" allowfullscreen=\"allowfullscreen\" data-gtm-yt-inspected-14=\"true\" data-mce-fragment=\"1\"><\/iframe><\/div>\n<\/div>\n<\/div>\n<div id=\"p-1777229432632-6039\" class=\"embed_wrapper-cont\">\n<div id=\"795643-286513121_epigrafe\" class=\"embed_epigrafe\"><\/div>\n<\/div>\n<p id=\"p-1777245878314-19130\" data-section-id=\"5efovt\" data-start=\"1531\" data-end=\"1563\"><strong>El mensaje de Flavio Briatore<\/strong><\/p>\n<p id=\"p-1777245878314-82408\" data-start=\"1565\" data-end=\"1619\">El impacto del evento lleg\u00f3 hasta la c\u00fapula de Alpine. Flavio Briatore, una de las figuras m\u00e1s influyentes dentro de la escuder\u00eda, le dedic\u00f3 unas palabras en sus redes sociales.<\/p>\n<p id=\"p-1777245878314-21910\" data-start=\"1769\" data-end=\"1925\">\u00abQu\u00e9 d\u00eda para ti. Bravo Argentina y Buenos Aires por su entusiasta respuesta a tan incre\u00edble evento. \u00a1Nos vemos en Miami, Franco, para que me cuentes todo!\u00bb<\/p>\n<div id=\"795634-1568517835_content\" class=\"embed_content\">\n<div id=\"795634-1568517835_embed\">\n<div id=\"mediaPlayer_795634-1568517835\"><iframe loading=\"lazy\" src=\"https:\/\/www.diariopopular.com.ar\/services\/embed.php?idAdjunto=795634&amp;idAdjuntoTamano=&amp;width=622&amp;height=351&amp;tipo=video\" width=\"622\" height=\"351\" frameborder=\"0\" scrolling=\"no\" allowfullscreen=\"allowfullscreen\" data-gtm-yt-inspected-14=\"true\" data-mce-fragment=\"1\"><\/iframe><\/div>\n<\/div>\n<\/div>\n<div id=\"p-1777223146578-91302\" class=\"embed_wrapper-cont\">\n<div id=\"795634-1568517835_epigrafe\" class=\"embed_epigrafe\"><\/div>\n<\/div>\n<h6 id=\"p-1777245878314-29177\" data-section-id=\"aesoea\" data-start=\"2028\" data-end=\"2056\">El pr\u00f3ximo desaf\u00edo: Miami<\/h6>\n<p id=\"p-1777245878314-10457\" data-start=\"2058\" data-end=\"2126\">Ahora, Colapinto ya tiene la mirada puesta en su siguiente objetivo.<\/p>\n<p id=\"p-1777245878314-68408\" data-start=\"2128\" data-end=\"2307\">El piloto argentino volver\u00e1 a competir el pr\u00f3ximo fin de semana en el Gran Premio de Miami, correspondiente a una nueva fecha del campeonato mundial de F\u00f3rmula 1.<\/p>\n<p id=\"p-1777245878314-63698\" data-start=\"2309\" data-end=\"2454\" data-is-last-node=\"\" data-is-only-node=\"\">Ser\u00e1 su regreso a la actividad oficial tras m\u00e1s de un mes sin carreras debido a la suspensi\u00f3n de los Grandes Premios de Bahr\u00e9in y Arabia Saudita.<\/p>\n<p id=\"p-1777245812190-8552\" class=\"\"><strong>Viernes 1 de mayo<\/strong><\/p>\n<ul id=\"p-1777245812190-53885\" class=\"\">\n<li id=\"p-1777245812190-75093\" class=\"\">Pr\u00e1cticas libres 1: 13.00 a 14.30.<\/li>\n<li id=\"p-1777245812190-32305\" class=\"\">Clasificaci\u00f3n Sprint: 17.30.<\/li>\n<\/ul>\n<p id=\"p-1777245812190-80216\" class=\"\"><strong>S\u00e1bado 2 de mayo<\/strong><\/p>\n<ul id=\"p-1777245812190-75654\" class=\"\">\n<li id=\"p-1777245812190-69891\" class=\"list__item\">Carrera Sprint: 13.00 a 14.00.<\/li>\n<li id=\"p-1777245812190-11521\" class=\"list__item\">Clasificaci\u00f3n: 17.00 a 18.00.<\/li>\n<\/ul>\n<p id=\"p-1777245812190-24261\" class=\"\"><strong>Domingo 3 de mayo:<\/strong><\/p>\n<ul id=\"p-1777245812190-72045\" class=\"\">\n<li id=\"p-1777245812190-1591\" class=\"list__item\">Carrera: 17.00.<\/li>\n<\/ul>\n<div id=\"1820609-Libre-1642649866_wrap\" class=\"embed_cont type_imagen\" contenteditable=\"false\"><\/div>\n<\/div>\n<\/div>\n<\/article>\n","protected":false},"excerpt":{"rendered":"<p>Franco Colapinto protagoniz\u00f3 una jornada inolvidable en las calles de Buenos Aires.\u00a0Ante una multitud, manej\u00f3 el Lotus E20 de Alpine<\/p>\n","protected":false},"author":1,"featured_media":30968,"comment_status":"closed","ping_status":"closed","sticky":false,"template":"","format":"standard","meta":{"footnotes":"","jetpack_publicize_message":"","jetpack_publicize_feature_enabled":true,"jetpack_social_post_already_shared":true,"jetpack_social_options":{"image_generator_settings":{"template":"highway","enabled":false},"version":2}},"categories":[9],"tags":[],"class_list":["post-30967","post","type-post","status-publish","format-standard","has-post-thumbnail","hentry","category-deportes"],"jetpack_publicize_connections":[],"_links":{"self":[{"href":"https:\/\/diariorepublica.com.ar\/web\/index.php\/wp-json\/wp\/v2\/posts\/30967"}],"collection":[{"href":"https:\/\/diariorepublica.com.ar\/web\/index.php\/wp-json\/wp\/v2\/posts"}],"about":[{"href":"https:\/\/diariorepublica.com.ar\/web\/index.php\/wp-json\/wp\/v2\/types\/post"}],"author":[{"embeddable":true,"href":"https:\/\/diariorepublica.com.ar\/web\/index.php\/wp-json\/wp\/v2\/users\/1"}],"replies":[{"embeddable":true,"href":"https:\/\/diariorepublica.com.ar\/web\/index.php\/wp-json\/wp\/v2\/comments?post=30967"}],"version-history":[{"count":1,"href":"https:\/\/diariorepublica.com.ar\/web\/index.php\/wp-json\/wp\/v2\/posts\/30967\/revisions"}],"predecessor-version":[{"id":30969,"href":"https:\/\/diariorepublica.com.ar\/web\/index.php\/wp-json\/wp\/v2\/posts\/30967\/revisions\/30969"}],"wp:featuredmedia":[{"embeddable":true,"href":"https:\/\/diariorepublica.com.ar\/web\/index.php\/wp-json\/wp\/v2\/media\/30968"}],"wp:attachment":[{"href":"https:\/\/diariorepublica.com.ar\/web\/index.php\/wp-json\/wp\/v2\/media?parent=30967"}],"wp:term":[{"taxonomy":"category","embeddable":true,"href":"https:\/\/diariorepublica.com.ar\/web\/index.php\/wp-json\/wp\/v2\/categories?post=30967"},{"taxonomy":"post_tag","embeddable":true,"href":"https:\/\/diariorepublica.com.ar\/web\/index.php\/wp-json\/wp\/v2\/tags?post=30967"}],"curies":[{"name":"wp","href":"https:\/\/api.w.org\/{rel}","templated":true}]}}