{"id":30970,"date":"2026-04-27T07:48:09","date_gmt":"2026-04-27T10:48:09","guid":{"rendered":"https:\/\/diariorepublica.com.ar\/web\/?p=30970"},"modified":"2026-04-27T07:48:10","modified_gmt":"2026-04-27T10:48:10","slug":"torneo-apertura-gimnasia-vencio-a-belgrano-en-cordoba","status":"publish","type":"post","link":"https:\/\/diariorepublica.com.ar\/web\/index.php\/deportes\/2026\/04\/27\/torneo-apertura-gimnasia-vencio-a-belgrano-en-cordoba\/","title":{"rendered":"Torneo Apertura: Gimnasia venci\u00f3 a Belgrano en C\u00f3rdoba"},"content":{"rendered":"<article id=\"article-post\" class=\"first\">\n<div class=\"cuerpo\" data-twitter-link=\"https:\/\/twitter.com\/intent\/tweet?url=https:\/\/www.diariopopular.com.ar\/c897471&amp;via=poopulardiario&amp;related=Popular&amp;text=\">\n<p id=\"p-1777250145757-34724\"><strong>Gimnasia venci\u00f3 1 a 0 a Belgrano en C\u00f3rdoba y se meti\u00f3 en zona de clasificaci\u00f3n de la Zona B del Torneo Apertura<\/strong>, a una jornada de finalizar la fase regular del certamen.\u00a0<strong>Nicol\u00e1s Barros Schelotto marc\u00f3 el gol del triunfo del Lobo<\/strong>, que qued\u00f3 sexto con 23 unidades y depender\u00e1 de s\u00ed mismo en la definici\u00f3n de los clasificados.<\/p>\n<\/div>\n<\/article>\n<article id=\"article-post\">\n<div class=\"cuerpo\" data-twitter-link=\"#TWEMBEDLINK#\">\n<p id=\"p-1777251059563-39289\" data-mrf-recirculation=\"Cuerpo de la nota\"><strong>El club platense aprovech\u00f3 la superioridad num\u00e9rica con la que se encontr\u00f3 desde las 24 minutos de juego\u00a0<\/strong>despu\u00e9s de la expulsi\u00f3n de Federico Ricca tras un fuerte pisot\u00f3n a Ignacio Fern\u00e1ndez, que fue observado por el \u00e1rbitro por la pantalla del VAR.<\/p>\n<\/div>\n<\/article>\n<article id=\"article-post\">\n<div class=\"cuerpo\" data-twitter-link=\"#TWEMBEDLINK#\">\n<p id=\"p-1777251168421-88470\" data-mrf-recirculation=\"Cuerpo de la nota\"><strong>Nicol\u00e1s Barros Schelotto, hijo de Guillermo, marc\u00f3 a los 40 minutos<\/strong>\u00a0despu\u00e9s de tirar un centro que parec\u00eda ser\u00eda desviado y el bal\u00f3n termin\u00f3 siguiendo su direcci\u00f3n y meti\u00e9ndose en el arco local. Es el cuarto gol del mediocampista en este a\u00f1o.<\/p>\n<\/div>\n<\/article>\n<article id=\"article-post\">\n<div class=\"cuerpo\" data-twitter-link=\"#TWEMBEDLINK#\">\n<p id=\"p-1777251058142-43704\" data-mrf-recirculation=\"Cuerpo de la nota\"><strong>Con este triunfo, Gimnasia escal\u00f3 al sexto lugar de la Zona B<\/strong>, acumulando 23 puntos y manteniendo la posibilidad de clasificar a la fase final. Por su parte,\u00a0<strong>Belgrano se sit\u00faa en el quinto puesto, tambi\u00e9n con 23 puntos,<\/strong>\u00a0pero con una mejor diferencia de gol.<\/p>\n<\/div>\n<\/article>\n<article id=\"article-post\">\n<div class=\"cuerpo\" data-twitter-link=\"#TWEMBEDLINK#\">\n<p id=\"p-1777251058142-15545\" data-mrf-recirculation=\"Cuerpo de la nota\"><strong>En la pr\u00f3xima jornada, correspondiente a la postergada fecha 9, Gimnasia recibir\u00e1 a Argentinos Juniors<\/strong>, mientras que el equipo dirigido por Ricardo Zielinski cerrar\u00e1 su participaci\u00f3n en la fase regular enfrentando a Sarmiento. Ambos encuentros tienen fecha y horario por confirmar.<\/p>\n<p id=\"p-1777250556088-99017\">\n<p id=\"p-1777250556088-55722\">El resumen del triunfazo de Gimnasia en C\u00f3rdoba<\/p>\n<div id=\"embed14_wrap\" class=\"embed_cont type_freetext\" contenteditable=\"false\">\n<div id=\"embed14_content\" class=\"embed_content\">\n<div id=\"embed14_embed\"><iframe loading=\"lazy\" title=\"YouTube video player\" src=\"https:\/\/www.youtube.com\/embed\/8cceOhPFkgk?si=-pZguykRMNkorHsA\" width=\"560\" height=\"315\" frameborder=\"0\" allowfullscreen=\"allowfullscreen\" data-gtm-yt-inspected-15=\"true\" data-mce-fragment=\"1\"><\/iframe><\/div>\n<\/div>\n<div id=\"p-1777251001811-76467\" class=\"embed_wrapper-cont\">\n<div id=\"embed14_epigrafe\" class=\"embed_epigrafe\"><\/div>\n<\/div>\n<\/div>\n<\/div>\n<\/article>\n","protected":false},"excerpt":{"rendered":"<p>Gimnasia venci\u00f3 1 a 0 a Belgrano en C\u00f3rdoba y se meti\u00f3 en zona de clasificaci\u00f3n de la Zona B<\/p>\n","protected":false},"author":1,"featured_media":30971,"comment_status":"closed","ping_status":"closed","sticky":false,"template":"","format":"standard","meta":{"footnotes":"","jetpack_publicize_message":"","jetpack_publicize_feature_enabled":true,"jetpack_social_post_already_shared":true,"jetpack_social_options":{"image_generator_settings":{"template":"highway","enabled":false},"version":2}},"categories":[9],"tags":[],"class_list":["post-30970","post","type-post","status-publish","format-standard","has-post-thumbnail","hentry","category-deportes"],"jetpack_publicize_connections":[],"_links":{"self":[{"href":"https:\/\/diariorepublica.com.ar\/web\/index.php\/wp-json\/wp\/v2\/posts\/30970"}],"collection":[{"href":"https:\/\/diariorepublica.com.ar\/web\/index.php\/wp-json\/wp\/v2\/posts"}],"about":[{"href":"https:\/\/diariorepublica.com.ar\/web\/index.php\/wp-json\/wp\/v2\/types\/post"}],"author":[{"embeddable":true,"href":"https:\/\/diariorepublica.com.ar\/web\/index.php\/wp-json\/wp\/v2\/users\/1"}],"replies":[{"embeddable":true,"href":"https:\/\/diariorepublica.com.ar\/web\/index.php\/wp-json\/wp\/v2\/comments?post=30970"}],"version-history":[{"count":1,"href":"https:\/\/diariorepublica.com.ar\/web\/index.php\/wp-json\/wp\/v2\/posts\/30970\/revisions"}],"predecessor-version":[{"id":30972,"href":"https:\/\/diariorepublica.com.ar\/web\/index.php\/wp-json\/wp\/v2\/posts\/30970\/revisions\/30972"}],"wp:featuredmedia":[{"embeddable":true,"href":"https:\/\/diariorepublica.com.ar\/web\/index.php\/wp-json\/wp\/v2\/media\/30971"}],"wp:attachment":[{"href":"https:\/\/diariorepublica.com.ar\/web\/index.php\/wp-json\/wp\/v2\/media?parent=30970"}],"wp:term":[{"taxonomy":"category","embeddable":true,"href":"https:\/\/diariorepublica.com.ar\/web\/index.php\/wp-json\/wp\/v2\/categories?post=30970"},{"taxonomy":"post_tag","embeddable":true,"href":"https:\/\/diariorepublica.com.ar\/web\/index.php\/wp-json\/wp\/v2\/tags?post=30970"}],"curies":[{"name":"wp","href":"https:\/\/api.w.org\/{rel}","templated":true}]}}