{"id":30976,"date":"2026-04-27T08:49:00","date_gmt":"2026-04-27T11:49:00","guid":{"rendered":"https:\/\/diariorepublica.com.ar\/web\/?p=30976"},"modified":"2026-04-27T07:51:06","modified_gmt":"2026-04-27T10:51:06","slug":"la-cgt-ratifico-la-movilizacion-contra-el-ajuste-de-milei","status":"publish","type":"post","link":"https:\/\/diariorepublica.com.ar\/web\/index.php\/nacionales\/2026\/04\/27\/la-cgt-ratifico-la-movilizacion-contra-el-ajuste-de-milei\/","title":{"rendered":"La CGT ratific\u00f3 la movilizaci\u00f3n contra el ajuste de Milei"},"content":{"rendered":"<article id=\"article-post\" class=\"first\">\n<div class=\"cuerpo\" data-twitter-link=\"https:\/\/twitter.com\/intent\/tweet?url=https:\/\/www.diariopopular.com.ar\/c897407&amp;via=poopulardiario&amp;related=Popular&amp;text=\">\n<p id=\"p-1777237651208-97170\"><strong>La CGT ratific\u00f3 la convocatoria a la movilizaci\u00f3n del pr\u00f3ximo 30 de abril en el marco del D\u00eda del Trabajador<\/strong>, en rechazo a las pol\u00edticas econ\u00f3micas impulsadas por el gobierno de Javier Milei. La confirmaci\u00f3n fue realizada por el cosecretario general de la central y titular del Sindicato de Empleados de la Industria del Vidrio, Cristian Jer\u00f3nimo, quien sostuvo que\u00a0<strong>el movimiento obrero constituye\u00a0<em>\u201cel basti\u00f3n de resistencia\u201d<\/em>\u00a0frente al actual rumbo oficial.<\/strong><\/p>\n<\/div>\n<\/article>\n<article id=\"article-post\">\n<div class=\"cuerpo\" data-twitter-link=\"#TWEMBEDLINK#\">\n<p id=\"p-1777237651208-6832\">El dirigente sindical tambi\u00e9n expres\u00f3 cr\u00edticas hacia distintas iniciativas promovidas por el Ejecutivo, en especial aquellas vinculadas al sistema aduanero y alineadas con las propuestas del ministro de Desregulaci\u00f3n y Transformaci\u00f3n del Estado, Federico Sturzenegger. En ese sentido,<strong>\u00a0remarc\u00f3 que cualquier modificaci\u00f3n del C\u00f3digo Aduanero\u00a0<em>\u201cdebe ser analizada con responsabilidad\u201d<\/em>, al considerar su relevancia estrat\u00e9gica para la econom\u00eda nacional.<\/strong><\/p>\n<\/div>\n<\/article>\n<article id=\"article-post\">\n<div class=\"cuerpo\" data-twitter-link=\"#TWEMBEDLINK#\">\n<p id=\"p-1777237651208-54760\"><strong>Jer\u00f3nimo manifest\u00f3 adem\u00e1s su preocupaci\u00f3n por el impacto de las medidas adoptadas por el Gobierno en diversos sectores productivos<\/strong>.\u00a0<em>\u201cNo nos sorprende el rumbo que tiene este Gobierno y la poca sensibilidad que muestra ante las consecuencias que generan sus pol\u00edticas econ\u00f3micas\u201d<\/em>, afirm\u00f3, al tiempo que advirti\u00f3 sobre un escenario de creciente incertidumbre en la actividad econ\u00f3mica.<\/p>\n<\/div>\n<\/article>\n<article id=\"article-post\">\n<div class=\"cuerpo\" data-twitter-link=\"#TWEMBEDLINK#\">\n<p id=\"p-1777237651208-38134\"><strong>Por otra parte, el dirigente indic\u00f3 que durante la movilizaci\u00f3n tambi\u00e9n se rendir\u00e1 homenaje al papa Francisco<\/strong>, en el marco del primer aniversario de su fallecimiento.\u00a0<strong>Seg\u00fan explic\u00f3, la CGT recordar\u00e1 su figura por\u00a0<em>\u201csu defensa del mundo del trabajo, de los trabajadores y de las representaciones gremiales\u201d<\/em><\/strong>, en una jornada que combinar\u00e1 reclamo y reconocimiento.<\/p>\n<\/div>\n<\/article>\n<article id=\"article-post\">\n<div class=\"cuerpo\" data-twitter-link=\"#TWEMBEDLINK#\">\n<p id=\"p-1777237651208-72985\">Finalmente, Jer\u00f3nimo sostuvo que la protesta busca expresar el rechazo a las pol\u00edticas actuales y, al mismo tiempo, impulsar la reapertura del di\u00e1logo.\u00a0<em><strong>\u201cEsta movilizaci\u00f3n es una expresi\u00f3n de rechazo a las pol\u00edticas actuales y un llamado a reabrir el di\u00e1logo en torno a un modelo econ\u00f3mico con eje en la producci\u00f3n y el trabajo\u201d<\/strong><\/em>, concluy\u00f3.<\/p>\n<\/div>\n<\/article>\n","protected":false},"excerpt":{"rendered":"<p>La CGT ratific\u00f3 la convocatoria a la movilizaci\u00f3n del pr\u00f3ximo 30 de abril en el marco del D\u00eda del Trabajador,<\/p>\n","protected":false},"author":1,"featured_media":30977,"comment_status":"closed","ping_status":"closed","sticky":false,"template":"","format":"standard","meta":{"footnotes":"","jetpack_publicize_message":"","jetpack_publicize_feature_enabled":true,"jetpack_social_post_already_shared":true,"jetpack_social_options":{"image_generator_settings":{"template":"highway","enabled":false},"version":2}},"categories":[4],"tags":[],"class_list":["post-30976","post","type-post","status-publish","format-standard","has-post-thumbnail","hentry","category-nacionales"],"jetpack_publicize_connections":[],"_links":{"self":[{"href":"https:\/\/diariorepublica.com.ar\/web\/index.php\/wp-json\/wp\/v2\/posts\/30976"}],"collection":[{"href":"https:\/\/diariorepublica.com.ar\/web\/index.php\/wp-json\/wp\/v2\/posts"}],"about":[{"href":"https:\/\/diariorepublica.com.ar\/web\/index.php\/wp-json\/wp\/v2\/types\/post"}],"author":[{"embeddable":true,"href":"https:\/\/diariorepublica.com.ar\/web\/index.php\/wp-json\/wp\/v2\/users\/1"}],"replies":[{"embeddable":true,"href":"https:\/\/diariorepublica.com.ar\/web\/index.php\/wp-json\/wp\/v2\/comments?post=30976"}],"version-history":[{"count":1,"href":"https:\/\/diariorepublica.com.ar\/web\/index.php\/wp-json\/wp\/v2\/posts\/30976\/revisions"}],"predecessor-version":[{"id":30978,"href":"https:\/\/diariorepublica.com.ar\/web\/index.php\/wp-json\/wp\/v2\/posts\/30976\/revisions\/30978"}],"wp:featuredmedia":[{"embeddable":true,"href":"https:\/\/diariorepublica.com.ar\/web\/index.php\/wp-json\/wp\/v2\/media\/30977"}],"wp:attachment":[{"href":"https:\/\/diariorepublica.com.ar\/web\/index.php\/wp-json\/wp\/v2\/media?parent=30976"}],"wp:term":[{"taxonomy":"category","embeddable":true,"href":"https:\/\/diariorepublica.com.ar\/web\/index.php\/wp-json\/wp\/v2\/categories?post=30976"},{"taxonomy":"post_tag","embeddable":true,"href":"https:\/\/diariorepublica.com.ar\/web\/index.php\/wp-json\/wp\/v2\/tags?post=30976"}],"curies":[{"name":"wp","href":"https:\/\/api.w.org\/{rel}","templated":true}]}}