{"id":30979,"date":"2026-04-27T07:52:59","date_gmt":"2026-04-27T10:52:59","guid":{"rendered":"https:\/\/diariorepublica.com.ar\/web\/?p=30979"},"modified":"2026-04-27T07:53:02","modified_gmt":"2026-04-27T10:53:02","slug":"con-mediacion-de-pakistan-iran-envio-una-nueva-propuesta-de-paz-a-estados-unidos","status":"publish","type":"post","link":"https:\/\/diariorepublica.com.ar\/web\/index.php\/internacionales\/2026\/04\/27\/con-mediacion-de-pakistan-iran-envio-una-nueva-propuesta-de-paz-a-estados-unidos\/","title":{"rendered":"Con mediaci\u00f3n de Pakist\u00e1n, Ir\u00e1n envi\u00f3 una nueva propuesta de paz a Estados Unidos"},"content":{"rendered":"<p>A trav\u00e9s de mediadores paquistan\u00edes,\u00a0<strong>Ir\u00e1n present\u00f3 a Estados Unidos una<\/strong>\u00a0<strong>nueva propuesta para reabrir el estrecho de Ormuz y poner fin a la guerra<\/strong>, y pospuso las negociaciones nucleares para una etapa posterior, seg\u00fan inform\u00f3 el domingo el medio Axios, que cit\u00f3 a un funcionario estadounidense y a dos fuentes cercanas al caso.<\/p>\n<p>Seg\u00fan pudo saber la\u00a0<strong>Agencia Noticias Argentinas<\/strong>, la nueva propuesta tiene como objetivo\u00a0<strong>romper el actual estancamiento en las conversaciones y sortear los desacuerdos internos dentro del liderazgo iran\u00ed sobre el alcance de las concesiones nucleares\u00a0<\/strong>que piensa hacer, indica la informaci\u00f3n difundida por Xinhua.<\/p>\n<p title=\"__IP__\" data-ipspy=\"__IP__\">Sin embargo, alcanzar<strong>\u00a0un acuerdo de este tipo dejar\u00eda al\u00a0<\/strong><strong>presidente de Estados Unidos, Donald Trump<\/strong><strong>, con poco margen de maniobra para presionar a Teher\u00e1n\u00a0<\/strong>a renunciar a su reserva de uranio enriquecido y suspender el enriquecimiento de uranio, a\u00f1adi\u00f3 dicha fuente.<\/p>\n<p>De esta manera, se espera que\u00a0<strong>Trump<\/strong>\u00a0realice el lunes una reuni\u00f3n sobre Ir\u00e1n en la sala de crisis con su equipo principal de seguridad nacional y pol\u00edtica exterior.<\/p>\n<p>NA<\/p>\n","protected":false},"excerpt":{"rendered":"<p>A trav\u00e9s de mediadores paquistan\u00edes,\u00a0Ir\u00e1n present\u00f3 a Estados Unidos una\u00a0nueva propuesta para reabrir el estrecho de Ormuz y poner fin<\/p>\n","protected":false},"author":1,"featured_media":30980,"comment_status":"closed","ping_status":"closed","sticky":false,"template":"","format":"standard","meta":{"footnotes":"","jetpack_publicize_message":"","jetpack_publicize_feature_enabled":true,"jetpack_social_post_already_shared":true,"jetpack_social_options":{"image_generator_settings":{"template":"highway","enabled":false},"version":2}},"categories":[6],"tags":[],"class_list":["post-30979","post","type-post","status-publish","format-standard","has-post-thumbnail","hentry","category-internacionales"],"jetpack_publicize_connections":[],"_links":{"self":[{"href":"https:\/\/diariorepublica.com.ar\/web\/index.php\/wp-json\/wp\/v2\/posts\/30979"}],"collection":[{"href":"https:\/\/diariorepublica.com.ar\/web\/index.php\/wp-json\/wp\/v2\/posts"}],"about":[{"href":"https:\/\/diariorepublica.com.ar\/web\/index.php\/wp-json\/wp\/v2\/types\/post"}],"author":[{"embeddable":true,"href":"https:\/\/diariorepublica.com.ar\/web\/index.php\/wp-json\/wp\/v2\/users\/1"}],"replies":[{"embeddable":true,"href":"https:\/\/diariorepublica.com.ar\/web\/index.php\/wp-json\/wp\/v2\/comments?post=30979"}],"version-history":[{"count":1,"href":"https:\/\/diariorepublica.com.ar\/web\/index.php\/wp-json\/wp\/v2\/posts\/30979\/revisions"}],"predecessor-version":[{"id":30981,"href":"https:\/\/diariorepublica.com.ar\/web\/index.php\/wp-json\/wp\/v2\/posts\/30979\/revisions\/30981"}],"wp:featuredmedia":[{"embeddable":true,"href":"https:\/\/diariorepublica.com.ar\/web\/index.php\/wp-json\/wp\/v2\/media\/30980"}],"wp:attachment":[{"href":"https:\/\/diariorepublica.com.ar\/web\/index.php\/wp-json\/wp\/v2\/media?parent=30979"}],"wp:term":[{"taxonomy":"category","embeddable":true,"href":"https:\/\/diariorepublica.com.ar\/web\/index.php\/wp-json\/wp\/v2\/categories?post=30979"},{"taxonomy":"post_tag","embeddable":true,"href":"https:\/\/diariorepublica.com.ar\/web\/index.php\/wp-json\/wp\/v2\/tags?post=30979"}],"curies":[{"name":"wp","href":"https:\/\/api.w.org\/{rel}","templated":true}]}}