{"id":30982,"date":"2026-04-27T00:03:00","date_gmt":"2026-04-27T03:03:00","guid":{"rendered":"https:\/\/diariorepublica.com.ar\/web\/?p=30982"},"modified":"2026-04-27T07:54:26","modified_gmt":"2026-04-27T10:54:26","slug":"trump-admite-que-fue-el-quien-demoro-su-salida-del-escenario-tras-el-ataque-queria-ver-que-pasaba","status":"publish","type":"post","link":"https:\/\/diariorepublica.com.ar\/web\/index.php\/internacionales\/2026\/04\/27\/trump-admite-que-fue-el-quien-demoro-su-salida-del-escenario-tras-el-ataque-queria-ver-que-pasaba\/","title":{"rendered":"Trump admite que fue \u00e9l quien demor\u00f3 su salida del escenario tras el ataque: \u00abQuer\u00eda ver qu\u00e9 pasaba\u00bb"},"content":{"rendered":"<p>Distintos videos del ataque\u00a0 contra el presidente de Estados Unidos,<strong>\u00a0Donald Trump<\/strong>, durante una cena con corresponsales extranjeros, se viralizaron en redes sociales mostrando el operativo de seguridad y\u00a0<strong>el tiempo excesivo para lo que es habitual, que tard\u00f3 el Servicio Secreto, unos 20 segundos<\/strong>, en sacar al mandatario del escenario.<\/p>\n<p>En uno de los videos puede verse como personal de seguridad toma de la chaqueta y\u00a0<strong>retira r\u00e1pidamente al vicepresidente, JD Vance,<\/strong>\u00a0mientras que otro equipo tarda m\u00e1s tiempo en retirar a Trump, quien adem\u00e1s t<strong>rastabilla y parece caer al piso<\/strong>\u00a0cuando lo retiran del escenario del hotel\u00a0<strong>Washington Hilton.<\/strong><\/p>\n<p>En una de las primeras apariciones p\u00fablicas de hoy, tras la agresi\u00f3n de ayer, Trump admiti\u00f3 que se tard\u00f3 en sacarlo del lugar en el que corr\u00eda peligro, pero aclar\u00f3 que\u00a0<strong>\u201cfue un poco culpa m\u00eda<\/strong>, porque quer\u00eda ver que estaba pasando y\u00a0<strong>no se los hice f\u00e1cil<\/strong>\u201d, se\u00f1al\u00f3 aludiendo al trabajo del<strong>\u00a0Servicio Secreto<\/strong>\u00a0encargado de su seguridad.<\/p>\n<p>Trump, seg\u00fan pudo saber la<strong>\u00a0Agencia Noticias Argentinas<\/strong>, indic\u00f3 que tras unos pocos segundos se dio cuenta de que<strong>\u00a0\u201ctal vez estaba pasando algo malo, algo diferente de lo normal\u201d\u00a0<\/strong>y pronto comenz\u00f3 a seguir las \u00f3rdenes de los guardaespaldas\u00a0<strong>\u201cque son gente incre\u00edble\u201d\u00a0<\/strong>y que fue \u00e9l quien hizo \u201cque actuaran un poco m\u00e1s despacio\u201d.<\/p>\n<p title=\"__IP__\" data-ipspy=\"__IP__\">Relat\u00f3 al programa\u00a0<strong>\u201c60 minutos\u201d<\/strong>\u00a0de la televisi\u00f3n estadounidense que al principio del incidente le dijo a sus custodios\u00a0<strong>\u201cun momento, esperen, d\u00e9jenme ver, esperen\u201d<\/strong>, pero luego comprendi\u00f3 la gravedad del asunto y comenz\u00f3 a bajar las escaleras del escenario junto a la primera dama.<span data-nosnippet=\"\">__IP__<\/span><\/p>\n<p>Sin embargo, y pese a las im\u00e1genes que pueden verse en todos los videos, que lo muestran trastabillando y casi ca\u00eddo en los empujones para abandonar el escenario, Trump asegur\u00f3 que sali\u00f3\u00a0<strong>\u201ccaminando y bastante erguido<\/strong>\u201d, aunque casi saliendo y ante el pedido del Servicio Secreto para que se tire al suelo, lo hizo al igual que su esposa.<\/p>\n<p>NA<\/p>\n","protected":false},"excerpt":{"rendered":"<p>Distintos videos del ataque\u00a0 contra el presidente de Estados Unidos,\u00a0Donald Trump, durante una cena con corresponsales extranjeros, se viralizaron en<\/p>\n","protected":false},"author":1,"featured_media":30983,"comment_status":"closed","ping_status":"closed","sticky":false,"template":"","format":"standard","meta":{"footnotes":"","jetpack_publicize_message":"","jetpack_publicize_feature_enabled":true,"jetpack_social_post_already_shared":true,"jetpack_social_options":{"image_generator_settings":{"template":"highway","enabled":false},"version":2}},"categories":[6],"tags":[],"class_list":["post-30982","post","type-post","status-publish","format-standard","has-post-thumbnail","hentry","category-internacionales"],"jetpack_publicize_connections":[],"_links":{"self":[{"href":"https:\/\/diariorepublica.com.ar\/web\/index.php\/wp-json\/wp\/v2\/posts\/30982"}],"collection":[{"href":"https:\/\/diariorepublica.com.ar\/web\/index.php\/wp-json\/wp\/v2\/posts"}],"about":[{"href":"https:\/\/diariorepublica.com.ar\/web\/index.php\/wp-json\/wp\/v2\/types\/post"}],"author":[{"embeddable":true,"href":"https:\/\/diariorepublica.com.ar\/web\/index.php\/wp-json\/wp\/v2\/users\/1"}],"replies":[{"embeddable":true,"href":"https:\/\/diariorepublica.com.ar\/web\/index.php\/wp-json\/wp\/v2\/comments?post=30982"}],"version-history":[{"count":1,"href":"https:\/\/diariorepublica.com.ar\/web\/index.php\/wp-json\/wp\/v2\/posts\/30982\/revisions"}],"predecessor-version":[{"id":30984,"href":"https:\/\/diariorepublica.com.ar\/web\/index.php\/wp-json\/wp\/v2\/posts\/30982\/revisions\/30984"}],"wp:featuredmedia":[{"embeddable":true,"href":"https:\/\/diariorepublica.com.ar\/web\/index.php\/wp-json\/wp\/v2\/media\/30983"}],"wp:attachment":[{"href":"https:\/\/diariorepublica.com.ar\/web\/index.php\/wp-json\/wp\/v2\/media?parent=30982"}],"wp:term":[{"taxonomy":"category","embeddable":true,"href":"https:\/\/diariorepublica.com.ar\/web\/index.php\/wp-json\/wp\/v2\/categories?post=30982"},{"taxonomy":"post_tag","embeddable":true,"href":"https:\/\/diariorepublica.com.ar\/web\/index.php\/wp-json\/wp\/v2\/tags?post=30982"}],"curies":[{"name":"wp","href":"https:\/\/api.w.org\/{rel}","templated":true}]}}