{"id":30985,"date":"2026-04-27T08:25:00","date_gmt":"2026-04-27T11:25:00","guid":{"rendered":"https:\/\/diariorepublica.com.ar\/web\/?p=30985"},"modified":"2026-04-27T07:56:37","modified_gmt":"2026-04-27T10:56:37","slug":"los-convocados-de-boca-para-visitar-a-cruzeiro-por-la-copa-libertadores","status":"publish","type":"post","link":"https:\/\/diariorepublica.com.ar\/web\/index.php\/deportes\/2026\/04\/27\/los-convocados-de-boca-para-visitar-a-cruzeiro-por-la-copa-libertadores\/","title":{"rendered":"Los convocados de Boca para visitar a Cruzeiro por la Copa Libertadores"},"content":{"rendered":"<p><b>Boca<\/b>\u00a0el pr\u00f3ximo martes buscar\u00e1 reservar el que lo deposite en los octavos de final de la Copa Libertadores. Aunque primero deber\u00e1 arrebatarle tres puntos a Cruzeiro, el\u00a0<i>\u00abcuco\u00bb<\/i>\u00a0del Grupo D. Si bien faltan pulir\u00a0los \u00faltimos detalles del equipo,\u00a0<b>Claudio \u00dabeda ya tiene armada la lista de convocados que sue\u00f1a con encaminar la clasificaci\u00f3n.<\/b><\/p>\n<p>En total,\u00a0<b>28 futbolistas conforman la delegaci\u00f3n que viajar\u00e1 a Brasil este lunes luego de la pr\u00e1ctica matutina en Ezeiza<\/b>. El nombre que m\u00e1s llam\u00f3 la atenci\u00f3n es el de\u00a0<b>Fernando Rodr\u00edguez, arquero juvenil de 21 a\u00f1os<\/b>, nacido en Santo Pip\u00f3, Misiones, quien viene desempe\u00f1\u00e1ndose en la Reserva, firm\u00f3 tiempo atr\u00e1s su primer contrato profesional hasta diciembre de 2028 y\u00a0<b>ser\u00e1 el suplente de Leandro Brey, al igual que Javier Garc\u00eda.<\/b><\/p>\n<p><b>Otra sorpresa en la n\u00f3mina azul y oro es la aparici\u00f3n de Rodrigo Battaglia<\/b>. Claro que no vuelve a estar en los planes del cuerpo t\u00e9cnico, sino que\u00a0<b>es el \u00fanico lesionado que acompa\u00f1ar\u00e1 al plantel<\/b>. Tanto\u00a0<b>Edinson Cavani como Ander Herrera y Carlos Palacios se quedar\u00e1n en Buenos Aires con el objetivo de seguir fortaleciendo sus f\u00edsicos<\/b>\u00a0y apuntar sus regresos para los playoffs del Torneo Apertura.<\/p>\n<p>Afuera del \u00faltimo Supercl\u00e1sico en el Monumental y titular en el de Reserva,\u00a0<b>Camilo Rey Domenech estar\u00e1 a disposici\u00f3n en Brasil<\/b>, al igual que otros futbolistas que fueron perdiendo terreno en el \u00faltimo tiempo, como lo son\u00a0<b>Agust\u00edn Martegani y Lucas Janson<\/b>.<\/p>\n<p>En cuanto al equipo que dispondr\u00e1 \u00dabeda el pr\u00f3ximo martes en el Estadio Mineir\u00e3o,\u00a0<b>tendr\u00e1 nueve cambios si se tiene en cuenta el que aplast\u00f3 4-0 a Defensa y Justicia el \u00faltimo jueves en Florencio Varela<\/b>. Solamente se mantendr\u00e1n de arranque Brey y Milton Delgado. El resto de los titulares volver\u00e1 para medirse con la Raposa.<\/p>\n<p>TYCSPORTS.COM<\/p>\n","protected":false},"excerpt":{"rendered":"<p>Boca\u00a0el pr\u00f3ximo martes buscar\u00e1 reservar el que lo deposite en los octavos de final de la Copa Libertadores. Aunque primero<\/p>\n","protected":false},"author":1,"featured_media":30986,"comment_status":"closed","ping_status":"closed","sticky":false,"template":"","format":"standard","meta":{"footnotes":"","jetpack_publicize_message":"","jetpack_publicize_feature_enabled":true,"jetpack_social_post_already_shared":true,"jetpack_social_options":{"image_generator_settings":{"template":"highway","enabled":false},"version":2}},"categories":[9],"tags":[],"class_list":["post-30985","post","type-post","status-publish","format-standard","has-post-thumbnail","hentry","category-deportes"],"jetpack_publicize_connections":[],"_links":{"self":[{"href":"https:\/\/diariorepublica.com.ar\/web\/index.php\/wp-json\/wp\/v2\/posts\/30985"}],"collection":[{"href":"https:\/\/diariorepublica.com.ar\/web\/index.php\/wp-json\/wp\/v2\/posts"}],"about":[{"href":"https:\/\/diariorepublica.com.ar\/web\/index.php\/wp-json\/wp\/v2\/types\/post"}],"author":[{"embeddable":true,"href":"https:\/\/diariorepublica.com.ar\/web\/index.php\/wp-json\/wp\/v2\/users\/1"}],"replies":[{"embeddable":true,"href":"https:\/\/diariorepublica.com.ar\/web\/index.php\/wp-json\/wp\/v2\/comments?post=30985"}],"version-history":[{"count":1,"href":"https:\/\/diariorepublica.com.ar\/web\/index.php\/wp-json\/wp\/v2\/posts\/30985\/revisions"}],"predecessor-version":[{"id":30987,"href":"https:\/\/diariorepublica.com.ar\/web\/index.php\/wp-json\/wp\/v2\/posts\/30985\/revisions\/30987"}],"wp:featuredmedia":[{"embeddable":true,"href":"https:\/\/diariorepublica.com.ar\/web\/index.php\/wp-json\/wp\/v2\/media\/30986"}],"wp:attachment":[{"href":"https:\/\/diariorepublica.com.ar\/web\/index.php\/wp-json\/wp\/v2\/media?parent=30985"}],"wp:term":[{"taxonomy":"category","embeddable":true,"href":"https:\/\/diariorepublica.com.ar\/web\/index.php\/wp-json\/wp\/v2\/categories?post=30985"},{"taxonomy":"post_tag","embeddable":true,"href":"https:\/\/diariorepublica.com.ar\/web\/index.php\/wp-json\/wp\/v2\/tags?post=30985"}],"curies":[{"name":"wp","href":"https:\/\/api.w.org\/{rel}","templated":true}]}}