{"id":30988,"date":"2026-04-27T08:03:26","date_gmt":"2026-04-27T11:03:26","guid":{"rendered":"https:\/\/diariorepublica.com.ar\/web\/?p=30988"},"modified":"2026-04-27T08:03:29","modified_gmt":"2026-04-27T11:03:29","slug":"el-gobernador-confirmo-aumento-para-becas-catamarca-incluye-y-arraigo-y-contratos-de-locacion-de-obra","status":"publish","type":"post","link":"https:\/\/diariorepublica.com.ar\/web\/index.php\/locales\/2026\/04\/27\/el-gobernador-confirmo-aumento-para-becas-catamarca-incluye-y-arraigo-y-contratos-de-locacion-de-obra\/","title":{"rendered":"El Gobernador confirm\u00f3 aumento para becas Catamarca Incluye y Arraigo y Contratos de locaci\u00f3n de Obra"},"content":{"rendered":"<p>El gobernador Ra\u00fal Jalil dispuso un incremento de $100.000 para los beneficiarios de las becas Catamarca Incluye (categor\u00eda general, con efectiva prestaci\u00f3n de servicio) y becas Arraigo, con lo cual el beneficio pasar\u00e1 de $400.000 a $500.000 mensuales.<\/p>\n<p>As\u00ed inform\u00f3 el mandatario en una reuni\u00f3n que encabez\u00f3 junto a los ministros de Trabajo, Planificaci\u00f3n y Recursos Humanos, Ver\u00f3nica Soria; de Gobierno, Seguridad y Justicia, Alberto Natella; y de Hacienda y Obra P\u00fablica, Juan Marchetti, entre otros integrantes del gabinete provincial.<\/p>\n<p>El incremento para los becarios se har\u00e1 efectivo con el pago del beneficio correspondiente al mes de abril, que se abona los primeros d\u00edas de mayo.<\/p>\n<p>Del mismo modo, el Ejecutivo decidi\u00f3 otorgar un incremento del 15% para las personas que tienen contratos de locaci\u00f3n de obra en diversas \u00e1reas de la administraci\u00f3n provincial, que tambi\u00e9n se har\u00e1 efectivo con el pago durante el pr\u00f3ximo mes de mayo.<\/p>\n<p>Estos beneficios salariales para los trabajadores estatales se suman a los ya vigentes y acordados en el marco de las paritarias.<\/p>\n<p>En este contexto, es importante recordar que, con los haberes de abril (a percibir en los primeros d\u00edas de mayo), los trabajadores y trabajadoras del Escalaf\u00f3n General de la Administraci\u00f3n P\u00fablica Provincial recibir\u00e1n la bonificaci\u00f3n extraordinaria duplicada, aumento que forma parte del acuerdo paritario concretado con los gremios semanas atr\u00e1s. En concreto, la bonificaci\u00f3n pasa de $50.000 a $100.000, y por una decisi\u00f3n de pol\u00edtica salarial del Gobierno se extender\u00e1 hasta el pr\u00f3ximo mes de diciembre de 2026, con lo cual se genera una previsibilidad en la proyecci\u00f3n de los ingresos que recibir\u00e1n los trabajadores a lo largo de todo el presente a\u00f1o.<\/p>\n","protected":false},"excerpt":{"rendered":"<p>El gobernador Ra\u00fal Jalil dispuso un incremento de $100.000 para los beneficiarios de las becas Catamarca Incluye (categor\u00eda general, con<\/p>\n","protected":false},"author":1,"featured_media":30990,"comment_status":"closed","ping_status":"closed","sticky":false,"template":"","format":"standard","meta":{"footnotes":"","jetpack_publicize_message":"","jetpack_publicize_feature_enabled":true,"jetpack_social_post_already_shared":true,"jetpack_social_options":{"image_generator_settings":{"template":"highway","enabled":false},"version":2}},"categories":[2],"tags":[],"class_list":["post-30988","post","type-post","status-publish","format-standard","has-post-thumbnail","hentry","category-locales"],"jetpack_publicize_connections":[],"_links":{"self":[{"href":"https:\/\/diariorepublica.com.ar\/web\/index.php\/wp-json\/wp\/v2\/posts\/30988"}],"collection":[{"href":"https:\/\/diariorepublica.com.ar\/web\/index.php\/wp-json\/wp\/v2\/posts"}],"about":[{"href":"https:\/\/diariorepublica.com.ar\/web\/index.php\/wp-json\/wp\/v2\/types\/post"}],"author":[{"embeddable":true,"href":"https:\/\/diariorepublica.com.ar\/web\/index.php\/wp-json\/wp\/v2\/users\/1"}],"replies":[{"embeddable":true,"href":"https:\/\/diariorepublica.com.ar\/web\/index.php\/wp-json\/wp\/v2\/comments?post=30988"}],"version-history":[{"count":1,"href":"https:\/\/diariorepublica.com.ar\/web\/index.php\/wp-json\/wp\/v2\/posts\/30988\/revisions"}],"predecessor-version":[{"id":30991,"href":"https:\/\/diariorepublica.com.ar\/web\/index.php\/wp-json\/wp\/v2\/posts\/30988\/revisions\/30991"}],"wp:featuredmedia":[{"embeddable":true,"href":"https:\/\/diariorepublica.com.ar\/web\/index.php\/wp-json\/wp\/v2\/media\/30990"}],"wp:attachment":[{"href":"https:\/\/diariorepublica.com.ar\/web\/index.php\/wp-json\/wp\/v2\/media?parent=30988"}],"wp:term":[{"taxonomy":"category","embeddable":true,"href":"https:\/\/diariorepublica.com.ar\/web\/index.php\/wp-json\/wp\/v2\/categories?post=30988"},{"taxonomy":"post_tag","embeddable":true,"href":"https:\/\/diariorepublica.com.ar\/web\/index.php\/wp-json\/wp\/v2\/tags?post=30988"}],"curies":[{"name":"wp","href":"https:\/\/api.w.org\/{rel}","templated":true}]}}