{"id":30992,"date":"2026-04-27T08:00:00","date_gmt":"2026-04-27T11:00:00","guid":{"rendered":"https:\/\/diariorepublica.com.ar\/web\/?p=30992"},"modified":"2026-04-27T08:19:41","modified_gmt":"2026-04-27T11:19:41","slug":"secuestran-39-kilos-de-cocaina-y-detienen-a-un-hombre","status":"publish","type":"post","link":"https:\/\/diariorepublica.com.ar\/web\/index.php\/policiales\/2026\/04\/27\/secuestran-39-kilos-de-cocaina-y-detienen-a-un-hombre\/","title":{"rendered":"Secuestran 39 kilos de coca\u00edna y detienen a un hombre"},"content":{"rendered":"<p>En un importante operativo, Gendarmer\u00eda Nacional logr\u00f3 interceptar un cargamento de droga que era transportado en un veh\u00edculo, culminando con la detenci\u00f3n de un sujeto y el secuestro de una importante cantidad de coca\u00edna.<\/p>\n<p>El procedimiento se llev\u00f3 a cabo en la zona de El Portezuelo, donde efectivos de la fuerza federal detuvieron la marcha de un autom\u00f3vil Citro\u00ebn C4 Aircross, conducido por un hombre oriundo de la provincia de Jujuy, quien se dirig\u00eda hacia Mendoza.<\/p>\n<p>Durante la requisa, los gendarmes advirtieron irregularidades en la estructura del rodado, lo que motiv\u00f3 una inspecci\u00f3n m\u00e1s exhaustiva. Fue as\u00ed que descubrieron compartimentos acondicionados donde se ocultaban varios paquetes sospechosos.<\/p>\n<p>Al realizar las pruebas de campo correspondientes, se confirm\u00f3 que se trataba de coca\u00edna de alta pureza, con un peso total de 39 kilogramos.<\/p>\n<p>Tras el hallazgo, se dio inmediata intervenci\u00f3n al Juzgado Federal de Catamarca, que dispuso el secuestro tanto de la sustancia como del veh\u00edculo, y orden\u00f3 la detenci\u00f3n del conductor. En tanto, las autoridades contin\u00faan con las tareas investigativas para determinar posibles conexiones y el origen del cargamento.<\/p>\n<p>El procedimiento representa un nuevo golpe al narcotr\u00e1fico en la regi\u00f3n y refuerza los controles en rutas estrat\u00e9gicas del pa\u00eds.<\/p>\n","protected":false},"excerpt":{"rendered":"<p>En un importante operativo, Gendarmer\u00eda Nacional logr\u00f3 interceptar un cargamento de droga que era transportado en un veh\u00edculo, culminando con<\/p>\n","protected":false},"author":1,"featured_media":30993,"comment_status":"closed","ping_status":"closed","sticky":false,"template":"","format":"standard","meta":{"footnotes":"","jetpack_publicize_message":"","jetpack_publicize_feature_enabled":true,"jetpack_social_post_already_shared":true,"jetpack_social_options":{"image_generator_settings":{"template":"highway","enabled":false},"version":2}},"categories":[8],"tags":[],"class_list":["post-30992","post","type-post","status-publish","format-standard","has-post-thumbnail","hentry","category-policiales"],"jetpack_publicize_connections":[],"_links":{"self":[{"href":"https:\/\/diariorepublica.com.ar\/web\/index.php\/wp-json\/wp\/v2\/posts\/30992"}],"collection":[{"href":"https:\/\/diariorepublica.com.ar\/web\/index.php\/wp-json\/wp\/v2\/posts"}],"about":[{"href":"https:\/\/diariorepublica.com.ar\/web\/index.php\/wp-json\/wp\/v2\/types\/post"}],"author":[{"embeddable":true,"href":"https:\/\/diariorepublica.com.ar\/web\/index.php\/wp-json\/wp\/v2\/users\/1"}],"replies":[{"embeddable":true,"href":"https:\/\/diariorepublica.com.ar\/web\/index.php\/wp-json\/wp\/v2\/comments?post=30992"}],"version-history":[{"count":1,"href":"https:\/\/diariorepublica.com.ar\/web\/index.php\/wp-json\/wp\/v2\/posts\/30992\/revisions"}],"predecessor-version":[{"id":30994,"href":"https:\/\/diariorepublica.com.ar\/web\/index.php\/wp-json\/wp\/v2\/posts\/30992\/revisions\/30994"}],"wp:featuredmedia":[{"embeddable":true,"href":"https:\/\/diariorepublica.com.ar\/web\/index.php\/wp-json\/wp\/v2\/media\/30993"}],"wp:attachment":[{"href":"https:\/\/diariorepublica.com.ar\/web\/index.php\/wp-json\/wp\/v2\/media?parent=30992"}],"wp:term":[{"taxonomy":"category","embeddable":true,"href":"https:\/\/diariorepublica.com.ar\/web\/index.php\/wp-json\/wp\/v2\/categories?post=30992"},{"taxonomy":"post_tag","embeddable":true,"href":"https:\/\/diariorepublica.com.ar\/web\/index.php\/wp-json\/wp\/v2\/tags?post=30992"}],"curies":[{"name":"wp","href":"https:\/\/api.w.org\/{rel}","templated":true}]}}