{"id":30995,"date":"2026-04-27T09:20:00","date_gmt":"2026-04-27T12:20:00","guid":{"rendered":"https:\/\/diariorepublica.com.ar\/web\/?p=30995"},"modified":"2026-04-27T08:22:00","modified_gmt":"2026-04-27T11:22:00","slug":"el-gobierno-reune-a-la-mesa-politica-para-discutir-la-reforma-electoral-y-el-informe-de-adorni-en-el-congreso","status":"publish","type":"post","link":"https:\/\/diariorepublica.com.ar\/web\/index.php\/politica\/2026\/04\/27\/el-gobierno-reune-a-la-mesa-politica-para-discutir-la-reforma-electoral-y-el-informe-de-adorni-en-el-congreso\/","title":{"rendered":"El Gobierno re\u00fane a la mesa pol\u00edtica para discutir la reforma electoral y el informe de Adorni en el Congreso"},"content":{"rendered":"<p>La\u00a0<strong>mesa pol\u00edtica del Gobierno volver\u00e1 a reunirse este lunes a las 14 horas en la Casa Rosada\u00a0<\/strong>con una agenda cargada. La reforma electoral, los proyectos vinculados a universidades y discapacidad, y la\u00a0inminente presentaci\u00f3n de Manuel Adorni ante la C\u00e1mara de Diputados\u00a0ser\u00e1n los principales ejes del encuentro.<\/p>\n<article class=\"article-body\">\n<div class=\"article-content\">\n<div class=\"news-body-paragraph\" data-twitter-link=\"\">\n<p id=\"p-1777285568808-18485\" data-start=\"2297\" data-end=\"2450\">Un punto central de la reuni\u00f3n ser\u00e1 la presentaci\u00f3n de\u00a0Manuel Adorni\u00a0ante la C\u00e1mara de Diputados, prevista para este mi\u00e9rcoles. Ser\u00e1\u00a0<strong>su primer informe de gesti\u00f3n en el Congreso\u00a0<\/strong>y llegar\u00e1 en un contexto delicado, marcado por la investigaci\u00f3n judicial por presunto enriquecimiento il\u00edcito que impulsa el fiscal federal Gerardo Pollicita.<\/p>\n<\/div>\n<\/div>\n<\/article>\n<article class=\"article-body par-3\">\n<div class=\"article-content\">\n<div class=\"news-body-paragraph\" data-twitter-link=\"\">\n<p id=\"p-1777285568808-35292\" data-start=\"2681\" data-end=\"2858\">El jefe de Gabinete deber\u00e1 responder alrededor de 2.100 preguntas formuladas por los legisladores. De ese total, 66 est\u00e1n directamente vinculadas a la causa judicial que lo involucra.<\/p>\n<p id=\"p-1777285651096-13413\">En tanto,<strong>\u00a0Javier Milei confirm\u00f3 que el pr\u00f3ximo mi\u00e9rcoles asistir\u00e1 al Congreso<\/strong>\u00a0para acompa\u00f1ar al jefe de Gabinete. \u00abDar\u00e1 las respuestas que correspondan\u201d, sostuvo Milei al ser consultado sobre el tema.<\/p>\n<p id=\"p-1777285568808-15739\" data-start=\"859\" data-end=\"1125\">La principal apuesta legislativa del Gobierno pasa por la reforma electoral que impulsa Javier Milei. El proyecto incluye la\u00a0<strong>eliminaci\u00f3n de las elecciones Primarias Abiertas Simult\u00e1neas y Obligatorias (PASO), la implementaci\u00f3n de Ficha Limpia y cambios en el financiamiento de los partidos pol\u00edticos.<\/strong><\/p>\n<p id=\"p-1777285568808-56757\" data-start=\"1528\" data-end=\"1718\">Adem\u00e1s del frente electoral,<strong>\u00a0el Ejecutivo deber\u00e1 resolver c\u00f3mo avanzar con los proyectos sobre universidades y discapacidad, dos temas que hoy tambi\u00e9n atraviesan una fuerte disputa judicial.<\/strong><\/p>\n<p id=\"p-1777285568808-29404\" data-start=\"1720\" data-end=\"1968\">El Gobierno se neg\u00f3 a aplicar las leyes sancionadas por el Congreso al considerar que implicaban mayores gastos sin establecer una fuente concreta de financiamiento. Sin embargo, la Justicia rechaz\u00f3 ese planteo y orden\u00f3 su implementaci\u00f3n inmediata.<\/p>\n<p id=\"p-1777285568808-85707\" data-start=\"1970\" data-end=\"2257\"><strong>La administraci\u00f3n de Milei apel\u00f3 ante la Corte Suprema y present\u00f3 proyectos alternativos\u00a0<\/strong>que buscan reducir el impacto fiscal de ambas normas.<\/p>\n<p data-start=\"1970\" data-end=\"2257\">a24.com<\/p>\n<\/div>\n<\/div>\n<\/article>\n","protected":false},"excerpt":{"rendered":"<p>La\u00a0mesa pol\u00edtica del Gobierno volver\u00e1 a reunirse este lunes a las 14 horas en la Casa Rosada\u00a0con una agenda cargada.<\/p>\n","protected":false},"author":1,"featured_media":30996,"comment_status":"closed","ping_status":"closed","sticky":false,"template":"","format":"standard","meta":{"footnotes":"","jetpack_publicize_message":"","jetpack_publicize_feature_enabled":true,"jetpack_social_post_already_shared":true,"jetpack_social_options":{"image_generator_settings":{"template":"highway","enabled":false},"version":2}},"categories":[12],"tags":[],"class_list":["post-30995","post","type-post","status-publish","format-standard","has-post-thumbnail","hentry","category-politica"],"jetpack_publicize_connections":[],"_links":{"self":[{"href":"https:\/\/diariorepublica.com.ar\/web\/index.php\/wp-json\/wp\/v2\/posts\/30995"}],"collection":[{"href":"https:\/\/diariorepublica.com.ar\/web\/index.php\/wp-json\/wp\/v2\/posts"}],"about":[{"href":"https:\/\/diariorepublica.com.ar\/web\/index.php\/wp-json\/wp\/v2\/types\/post"}],"author":[{"embeddable":true,"href":"https:\/\/diariorepublica.com.ar\/web\/index.php\/wp-json\/wp\/v2\/users\/1"}],"replies":[{"embeddable":true,"href":"https:\/\/diariorepublica.com.ar\/web\/index.php\/wp-json\/wp\/v2\/comments?post=30995"}],"version-history":[{"count":1,"href":"https:\/\/diariorepublica.com.ar\/web\/index.php\/wp-json\/wp\/v2\/posts\/30995\/revisions"}],"predecessor-version":[{"id":30997,"href":"https:\/\/diariorepublica.com.ar\/web\/index.php\/wp-json\/wp\/v2\/posts\/30995\/revisions\/30997"}],"wp:featuredmedia":[{"embeddable":true,"href":"https:\/\/diariorepublica.com.ar\/web\/index.php\/wp-json\/wp\/v2\/media\/30996"}],"wp:attachment":[{"href":"https:\/\/diariorepublica.com.ar\/web\/index.php\/wp-json\/wp\/v2\/media?parent=30995"}],"wp:term":[{"taxonomy":"category","embeddable":true,"href":"https:\/\/diariorepublica.com.ar\/web\/index.php\/wp-json\/wp\/v2\/categories?post=30995"},{"taxonomy":"post_tag","embeddable":true,"href":"https:\/\/diariorepublica.com.ar\/web\/index.php\/wp-json\/wp\/v2\/tags?post=30995"}],"curies":[{"name":"wp","href":"https:\/\/api.w.org\/{rel}","templated":true}]}}