{"id":30998,"date":"2026-04-27T09:20:08","date_gmt":"2026-04-27T12:20:08","guid":{"rendered":"https:\/\/diariorepublica.com.ar\/web\/?p=30998"},"modified":"2026-04-27T09:20:10","modified_gmt":"2026-04-27T12:20:10","slug":"catamarca-celebro-en-la-feria-del-libro-de-buenos-aires-la-poesia-andina-de-rosario-andrada","status":"publish","type":"post","link":"https:\/\/diariorepublica.com.ar\/web\/index.php\/sociedad\/2026\/04\/27\/catamarca-celebro-en-la-feria-del-libro-de-buenos-aires-la-poesia-andina-de-rosario-andrada\/","title":{"rendered":"Catamarca celebr\u00f3 en la Feria del Libro de Buenos Aires la poes\u00eda andina de Rosario Andrada"},"content":{"rendered":"<p>El acto oficial de Catamarca en la 50\u00ba Feria Internacional del Libro de Buenos Aires tuvo a la poeta Rosario Andrada como protagonista de un encuentro que gir\u00f3 en torno a su poes\u00eda y a su mirada -sensible y comprometida- sobre Catamarca, su naturaleza y su historia.<\/p>\n<p>La tarde noche del viernes 24 de abril, en el sal\u00f3n Ernesto S\u00e1bato del Pabell\u00f3n Azul de La Rural, se concret\u00f3 el D\u00eda de Catamarca y, nuevamente, fue punto de encuentro de muchos catamarque\u00f1os que viven en Buenos Aires y acompa\u00f1an cada actividad promovida desde la provincia.<\/p>\n<p>La secretaria de Gesti\u00f3n Cultural, Laura Maubec\u00edn y la directora de Bibliotecas y Archivo Celia Sarqu\u00eds dieron la bienvenida a este evento de las letras catamarque\u00f1as del que tambi\u00e9n participaron la directora de Patrimonio y Museos, Edith Cardoso, la secretaria de la Casa de Catamarca en Buenos Aires, Anina Mosconi y la presidenta de la SADE Catamarca, Hilda Ang\u00e9lica Garc\u00eda.<\/p>\n<p>\u201cEstamos muy contentos de poder estar en esta edici\u00f3n tan importante de la Feria del Libro con este acto y con un stand que presentamos junto a las provincias del Norte y que nos permite difundir la producci\u00f3n editorial de Catamarca y la regi\u00f3n\u201d, destac\u00f3 Maubec\u00edn. Tambi\u00e9n acompa\u00f1aron el inicio de las actividades catamarque\u00f1as en la FIL los secretarios de Cultura de La Rioja, Patricia Herrera; de Jujuy, Jos\u00e9 Rodr\u00edguez B\u00e1rcena; y de Tucum\u00e1n, Humberto Salazar, mostrando la integraci\u00f3n del bloque regional cultural.<\/p>\n<p>V\u00edctor Aybar, de El Guadal Editora, present\u00f3 \u201cTrilog\u00eda Andina\u201d, el t\u00edtulo bajo el cual el sello editorial republica tres obras fundamentales de la l\u00edrica de Andrada: Huayrapuca, la madre del viento (2014), Suri patitas largas (2015) y Wanaku (2017)<\/p>\n<p>\u201cLa obra de Rosario Andrada -se\u00f1al\u00f3 Aybar- constituye, para nosotros, un punto de referencia ineludible dentro de la poes\u00eda catamarque\u00f1a. En su escritura encontramos una po\u00e9tica que enlaza la palabra desde una conciencia profunda. Su obra no se limita a representar el paisaje andino, sino que construye una geograf\u00eda viva, un territorio que dialoga con lo m\u00edtico, lo pol\u00edtico y lo existencial\u201d.<\/p>\n<p>El jaguar primero, el suri despu\u00e9s y finalmente guanaco -destaca Aybar- se integran \u201cal bestiario que caracteriza a la obra de Mar\u00eda del Rosario Andrada\u201d, en el que dibuja un territorio que rompe \u201clos l\u00edmites geogr\u00e1ficos y pol\u00edticos para proponernos una regi\u00f3n \u00fanica, que es una sola memoria de hombres y tierra\u201d.<\/p>\n<p>La poeta fue la encargada de recitar algunos de sus textos, que fueron seguidos en silencio y con respeto por el auditorio.<\/p>\n<p>El cierre musical tambi\u00e9n tuvo ra\u00edz andina y evoc\u00f3 vidalas y coplas, a trav\u00e9s de la propuesta de Catamarcanas. Itat\u00ed y Bel\u00e9n Parma combinaron algunos versos de Rosario Andrada con coplas tradicionales rescatadas por Leda Valladares y una vidala de Margarita Palacios como ep\u00edlogo de un acto en el que Catamarca reconoci\u00f3 y despleg\u00f3 con orgullo su identidad en el evento editorial m\u00e1s importante de Latinoam\u00e9rica.<\/p>\n<p>M\u00e1s propuestas catamarque\u00f1as en el stand del Consejo Norte Cultura<\/p>\n<p>Catamarca continuar\u00e1 con su participaci\u00f3n en la Feria Internacional del Libro de Buenos Aires, desde el stand Norte Cultural ubicado en el Pabell\u00f3n Ocre, donde se exhibe y comercializa la producci\u00f3n editorial de la provincia y tambi\u00e9n a trav\u00e9s de charlas y presentaciones de libros en el auditorio del Norte.<\/p>\n<p>El cronograma de actividades contin\u00faa as\u00ed:<\/p>\n<p>S\u00e1bado 25 de abril | Stand Norte Cultura, Pabell\u00f3n Ocre<\/p>\n<p>15 hs \u2014 Presentaci\u00f3n libro La Danza del Valle | V\u00edctor Aybar (El Guadal Editora)<\/p>\n<p>15.30 hs \u2014 Presentaci\u00f3n libro El Huevo del Flamenco | Rosario Andrada (Editorial Vinciguerra)<\/p>\n<p>16 hs \u2014 Presentaci\u00f3n Colecci\u00f3n Chinitas: Los ojos de la Ternura y El cielo que nos abarc\u00f3 | El Guadal Editora \u2014 Camila Ortega y Paula Bustamante<\/p>\n<p>18 hs \u2014 Espect\u00e1culo musical Catamarcanas | Itat\u00ed \u00c1lvarez Ortega y Bel\u00e9n Parma<\/p>\n<p>Mi\u00e9rcoles 29 de abril | Stand Norte Cultura, Pabell\u00f3n Ocre<\/p>\n<p>16 hs \u2014 Charla Memoria viva: lo que persiste aunque se pierda | Marta D\u00edaz \u2013 Diario El Esqui\u00fa<\/p>\n<p>17 hs \u2014 Charla Cueva Cacao, 40 mil a\u00f1os de historia bajo el suelo catamarque\u00f1o | director provincial de Antropolog\u00eda Cristian Meli\u00e1n<\/p>\n<p>18 hs \u2014 Presentaci\u00f3n libro Educaci\u00f3n y Esperanza | Nicol\u00e1s Quiroga<\/p>\n<p>Jueves 30 de abril | Stand Norte Cultura, Pabell\u00f3n Ocre<\/p>\n<p>16 hs \u2014 Presentaci\u00f3n de libro Dizque. Leyendas, costumbres, relatos, creencias, mitos y supersticiones | Rodolfo Lobo Molas \u2014 (Editorial Phaway, 2025)<\/p>\n<p>17 hs \u2014 Presentaci\u00f3n de Libro Poblaci\u00f3n y sociedad en Catamarca tardocolonial. Padr\u00f3n de 1780 | Mgter. Gabriela De la Orden<\/p>\n<p>Viernes 1 de mayo | Stand Norte Cultura, Pabell\u00f3n Ocre<\/p>\n<p>18 hs \u2014 Presentaci\u00f3n de libro \u201cOllitas. Reflexiones sobre la identidad\u201d | Federico Baz\u00e1n<\/p>\n<p>S\u00e1bado 2 de mayo | Stand Norte Cultura, Pabell\u00f3n Ocre<\/p>\n<p>16 hs \u2014 Presentaci\u00f3n de libro Roma incendiada de verbos | Pilar Carab\u00fas<\/p>\n<p>Domingo 3 de mayo | Stand Norte Cultura, Pabell\u00f3n Ocre<\/p>\n<p>15 hs \u2014 Presentaci\u00f3n de libro Riendas que sujetan | Gabriel Carrizo<\/p>\n<p>16 hs \u2014 Presentaci\u00f3n de Libro Septiembre de 1955. La hora de la revancha del antiperonismo catamarque\u00f1o | Jorge Perea (Editorial El Tr\u00e9bol, 2025)<\/p>\n<p>Jueves 7 de mayo | Stand Norte Cultura, Pabell\u00f3n Ocre<\/p>\n<p>17 hs \u2014 Presentaci\u00f3n de libro El \u00faltimo pasajero | C\u00e9sar Noriega (Quebracho Editora, 2025)<\/p>\n<p>18 hs \u2014 Archivim sobre Andalgal\u00e1 | Claudio Balsa<\/p>\n<p>21 hs \u2014 Presentaci\u00f3n de libro Juicio al sistema educativo argentino | V\u00edctor Leopoldo Mart\u00ednez<\/p>\n<p>Viernes 8 de mayo | Stand Norte Cultura, Pabell\u00f3n Ocre<\/p>\n<p>16 hs \u2014 Memorias de mi abuelo Federico Guzm\u00e1n y antolog\u00eda Bonita trama | Rosa Guzm\u00e1n (Antofagasta de la Sierra)<\/p>\n<p>17 hs \u2014 Presentaci\u00f3n de videojuego Guardianes de las Coplas | Secretar\u00eda de Gesti\u00f3n Cultural, Direcci\u00f3n de Patrimonio Cultural \u2014 arq. Laura Maubec\u00edn y arq.Edith Cardoso<\/p>\n<p>S\u00e1bado 9 de mayo | Stand Norte Cultura, Pabell\u00f3n Ocre<\/p>\n<p>18 hs \u2014 Espect\u00e1culo po\u00e9tico musical Paisaje | Alejandro Acosta y Celina Galera<\/p>\n","protected":false},"excerpt":{"rendered":"<p>El acto oficial de Catamarca en la 50\u00ba Feria Internacional del Libro de Buenos Aires tuvo a la poeta Rosario<\/p>\n","protected":false},"author":1,"featured_media":30999,"comment_status":"closed","ping_status":"closed","sticky":false,"template":"","format":"standard","meta":{"footnotes":"","jetpack_publicize_message":"","jetpack_publicize_feature_enabled":true,"jetpack_social_post_already_shared":true,"jetpack_social_options":{"image_generator_settings":{"template":"highway","enabled":false},"version":2}},"categories":[3],"tags":[],"class_list":["post-30998","post","type-post","status-publish","format-standard","has-post-thumbnail","hentry","category-sociedad"],"jetpack_publicize_connections":[],"_links":{"self":[{"href":"https:\/\/diariorepublica.com.ar\/web\/index.php\/wp-json\/wp\/v2\/posts\/30998"}],"collection":[{"href":"https:\/\/diariorepublica.com.ar\/web\/index.php\/wp-json\/wp\/v2\/posts"}],"about":[{"href":"https:\/\/diariorepublica.com.ar\/web\/index.php\/wp-json\/wp\/v2\/types\/post"}],"author":[{"embeddable":true,"href":"https:\/\/diariorepublica.com.ar\/web\/index.php\/wp-json\/wp\/v2\/users\/1"}],"replies":[{"embeddable":true,"href":"https:\/\/diariorepublica.com.ar\/web\/index.php\/wp-json\/wp\/v2\/comments?post=30998"}],"version-history":[{"count":1,"href":"https:\/\/diariorepublica.com.ar\/web\/index.php\/wp-json\/wp\/v2\/posts\/30998\/revisions"}],"predecessor-version":[{"id":31000,"href":"https:\/\/diariorepublica.com.ar\/web\/index.php\/wp-json\/wp\/v2\/posts\/30998\/revisions\/31000"}],"wp:featuredmedia":[{"embeddable":true,"href":"https:\/\/diariorepublica.com.ar\/web\/index.php\/wp-json\/wp\/v2\/media\/30999"}],"wp:attachment":[{"href":"https:\/\/diariorepublica.com.ar\/web\/index.php\/wp-json\/wp\/v2\/media?parent=30998"}],"wp:term":[{"taxonomy":"category","embeddable":true,"href":"https:\/\/diariorepublica.com.ar\/web\/index.php\/wp-json\/wp\/v2\/categories?post=30998"},{"taxonomy":"post_tag","embeddable":true,"href":"https:\/\/diariorepublica.com.ar\/web\/index.php\/wp-json\/wp\/v2\/tags?post=30998"}],"curies":[{"name":"wp","href":"https:\/\/api.w.org\/{rel}","templated":true}]}}