{"id":31001,"date":"2026-04-27T09:46:22","date_gmt":"2026-04-27T12:46:22","guid":{"rendered":"https:\/\/diariorepublica.com.ar\/web\/?p=31001"},"modified":"2026-04-27T09:46:23","modified_gmt":"2026-04-27T12:46:23","slug":"el-basquet-3x3-de-la-vicegobernacion-corono-una-nueva-y-vibrante-jornada-en-la-plaza-los-ceibos","status":"publish","type":"post","link":"https:\/\/diariorepublica.com.ar\/web\/index.php\/locales\/2026\/04\/27\/el-basquet-3x3-de-la-vicegobernacion-corono-una-nueva-y-vibrante-jornada-en-la-plaza-los-ceibos\/","title":{"rendered":"El B\u00e1squet 3&#215;3 de la Vicegobernaci\u00f3n coron\u00f3 una nueva y vibrante jornada en la Plaza Los Ceibos"},"content":{"rendered":"<p>En una tarde marcada por el talento joven y el acompa\u00f1amiento de las familias, se llev\u00f3 a cabo con \u00e9xito la segunda fecha del Torneo de B\u00e1squet 3&#215;3, el programa deportivo impulsado por la Vicegobernaci\u00f3n que conduce Rub\u00e9n Dusso.<\/p>\n<p>La Plaza Los Ceibos, en el norte de la Ciudad, fue el escenario para este evento, que cont\u00f3 con la coordinaci\u00f3n de la Direcci\u00f3n de Desarrollo Social del Senado, a cargo de Daniel Toledo, donde el deporte urbano y la integraci\u00f3n social volvieron a ser protagonistas, consolidando este circuito como un espacio fundamental para el encuentro de la juventud en los barrios catamarque\u00f1os.<\/p>\n<p>En la categor\u00eda femenina, el equipo de Super Poderosas, integrado por Camila Alanis, Paula Alcaraz y Teresa Herrera, se consagr\u00f3 campe\u00f3n tras una destacada actuaci\u00f3n que les permiti\u00f3 imponerse en la final ante el equipo de El Rejunte, quienes se quedaron con el subcampeonato en esta segunda fecha. Por el lado de la categor\u00eda masculina, el t\u00edtulo de esta fecha qued\u00f3 en manos de Los Simuladores, el cuarteto conformado por Angelo Nughes, Francisco Batallan, Enzo Villagra y Valentin Montalvan, tras vencer en una ajustada definici\u00f3n al conjunto del ISEF.<\/p>\n<p>\u00abNuestra meta es que cada plaza se convierta en un lugar de pertenencia a trav\u00e9s del deporte saludable y la competencia sana\u00bb, destacaron desde la organizaci\u00f3n, agradeciendo la masiva concurrencia que disfrut\u00f3 no solo de los partidos, sino tambi\u00e9n de la m\u00fasica en vivo y los sorteos realizados durante la jornada. Con estos resultados, la tabla de posiciones comienza a ajustarse de cara a las pr\u00f3ximas fechas de este circuito federal que busca fortalecer los v\u00ednculos comunitarios y el arraigo en cada rinc\u00f3n de Catamarca.<\/p>\n","protected":false},"excerpt":{"rendered":"<p>En una tarde marcada por el talento joven y el acompa\u00f1amiento de las familias, se llev\u00f3 a cabo con \u00e9xito<\/p>\n","protected":false},"author":1,"featured_media":31002,"comment_status":"closed","ping_status":"closed","sticky":false,"template":"","format":"standard","meta":{"footnotes":"","jetpack_publicize_message":"","jetpack_publicize_feature_enabled":true,"jetpack_social_post_already_shared":true,"jetpack_social_options":{"image_generator_settings":{"template":"highway","enabled":false},"version":2}},"categories":[2],"tags":[],"class_list":["post-31001","post","type-post","status-publish","format-standard","has-post-thumbnail","hentry","category-locales"],"jetpack_publicize_connections":[],"_links":{"self":[{"href":"https:\/\/diariorepublica.com.ar\/web\/index.php\/wp-json\/wp\/v2\/posts\/31001"}],"collection":[{"href":"https:\/\/diariorepublica.com.ar\/web\/index.php\/wp-json\/wp\/v2\/posts"}],"about":[{"href":"https:\/\/diariorepublica.com.ar\/web\/index.php\/wp-json\/wp\/v2\/types\/post"}],"author":[{"embeddable":true,"href":"https:\/\/diariorepublica.com.ar\/web\/index.php\/wp-json\/wp\/v2\/users\/1"}],"replies":[{"embeddable":true,"href":"https:\/\/diariorepublica.com.ar\/web\/index.php\/wp-json\/wp\/v2\/comments?post=31001"}],"version-history":[{"count":1,"href":"https:\/\/diariorepublica.com.ar\/web\/index.php\/wp-json\/wp\/v2\/posts\/31001\/revisions"}],"predecessor-version":[{"id":31003,"href":"https:\/\/diariorepublica.com.ar\/web\/index.php\/wp-json\/wp\/v2\/posts\/31001\/revisions\/31003"}],"wp:featuredmedia":[{"embeddable":true,"href":"https:\/\/diariorepublica.com.ar\/web\/index.php\/wp-json\/wp\/v2\/media\/31002"}],"wp:attachment":[{"href":"https:\/\/diariorepublica.com.ar\/web\/index.php\/wp-json\/wp\/v2\/media?parent=31001"}],"wp:term":[{"taxonomy":"category","embeddable":true,"href":"https:\/\/diariorepublica.com.ar\/web\/index.php\/wp-json\/wp\/v2\/categories?post=31001"},{"taxonomy":"post_tag","embeddable":true,"href":"https:\/\/diariorepublica.com.ar\/web\/index.php\/wp-json\/wp\/v2\/tags?post=31001"}],"curies":[{"name":"wp","href":"https:\/\/api.w.org\/{rel}","templated":true}]}}