{"id":31007,"date":"2026-04-28T06:28:00","date_gmt":"2026-04-28T09:28:00","guid":{"rendered":"https:\/\/diariorepublica.com.ar\/web\/?p=31007"},"modified":"2026-04-28T07:29:54","modified_gmt":"2026-04-28T10:29:54","slug":"la-capital-lanzo-office-a-tu-medida-para-personas-con-discapacidad","status":"publish","type":"post","link":"https:\/\/diariorepublica.com.ar\/web\/index.php\/sociedad\/2026\/04\/28\/la-capital-lanzo-office-a-tu-medida-para-personas-con-discapacidad\/","title":{"rendered":"La Capital lanz\u00f3 \u201cOffice a tu Medida\u201d para personas con discapacidad"},"content":{"rendered":"<p dir=\"ltr\">El intendente Gustavo Saadi entreg\u00f3 material did\u00e1ctico adaptado para el inicio del taller \u201cOffice a tu medida\u201d. El programa, dise\u00f1ado conjuntamente por el Nodo Tecnol\u00f3gico y el Consejo Municipal para las Personas con Discapacidad, ofrece una formaci\u00f3n adaptada para alumnos con diversas condiciones de aprendizaje, incluyendo disminuci\u00f3n visual, auditiva, ceguera, autismo y dificultades motrices.<\/p>\n<p dir=\"ltr\">Con el objetivo de democratizar el acceso a la tecnolog\u00eda y generar oportunidades genuinas de empleo, la Municipalidad de la Capital formaliz\u00f3 la entrega de material did\u00e1ctico espec\u00edfico, dise\u00f1ado para que los estudiantes puedan aprender desde cero el uso de Windows, manejo de archivos y las herramientas de Word y Excel. \u00abEste es un gran comienzo que apuesta al crecimiento y la autonom\u00eda de nuestros vecinos, brind\u00e1ndoles herramientas propias para el mundo laboral del ma\u00f1ana\u00bb, destacaron las autoridades presentes.<\/p>\n<p dir=\"ltr\">En este sentido, la administradora de los Consejos Multisectoriales, Sol Rold\u00e1n, explic\u00f3 que la puesta en marcha de este taller es el resultado de un a\u00f1o de trabajo t\u00e9cnico para adaptar los contenidos curriculares: \u00abContamos con 15 inscriptos en esta etapa inicial. Es una respuesta a un pedido que ellos mismos nos ven\u00edan haciendo: contar con m\u00e1s herramientas para ser incluidos en espacios de trabajo\u00bb.<\/p>\n<p dir=\"ltr\">Por su parte, Pedro Ignacio Mart\u00ednez, integrante del equipo del Consejo Municipal, subray\u00f3 que el curso tendr\u00e1 una duraci\u00f3n de tres meses y cuenta con una modalidad sumamente personalizada: \u00abBuscamos que se sientan en un lugar c\u00f3modo donde el conocimiento est\u00e9 totalmente adaptado a cada uno. Queremos que salgan con los conocimientos \u00f3ptimos para afrontar los desaf\u00edos del presente \u00ab, detall\u00f3.<\/p>\n<p dir=\"ltr\">Las clases se dictan los d\u00edas lunes y viernes de 09:00 a 10:30 horas en las instalaciones del Nodo Tecnol\u00f3gico, a cargo de docentes especializados y personal capacitado de los Consejos Multisectoriales. Debido a la alta demanda y al \u00e9xito de la convocatoria, desde el municipio confirmaron que una vez finalizado este primer trimestre se abrir\u00e1 una nueva convocatoria para m\u00e1s interesados.<\/p>\n<p dir=\"ltr\">Acompa\u00f1aron el lanzamiento el secretario de Gabinete, Mariano Rosales; el subsecretario de Transformaci\u00f3n y Gesti\u00f3n P\u00fablica, Emilio Ramaci; y la administradora de los Consejos Multisectoriales de la Capital, Sol Rold\u00e1n, junto a las familias de los nuevos estudiantes.<\/p>\n","protected":false},"excerpt":{"rendered":"<p>El intendente Gustavo Saadi entreg\u00f3 material did\u00e1ctico adaptado para el inicio del taller \u201cOffice a tu medida\u201d. El programa, dise\u00f1ado<\/p>\n","protected":false},"author":1,"featured_media":31008,"comment_status":"closed","ping_status":"closed","sticky":false,"template":"","format":"standard","meta":{"footnotes":"","jetpack_publicize_message":"","jetpack_publicize_feature_enabled":true,"jetpack_social_post_already_shared":true,"jetpack_social_options":{"image_generator_settings":{"template":"highway","enabled":false},"version":2}},"categories":[3],"tags":[],"class_list":["post-31007","post","type-post","status-publish","format-standard","has-post-thumbnail","hentry","category-sociedad"],"jetpack_publicize_connections":[],"_links":{"self":[{"href":"https:\/\/diariorepublica.com.ar\/web\/index.php\/wp-json\/wp\/v2\/posts\/31007"}],"collection":[{"href":"https:\/\/diariorepublica.com.ar\/web\/index.php\/wp-json\/wp\/v2\/posts"}],"about":[{"href":"https:\/\/diariorepublica.com.ar\/web\/index.php\/wp-json\/wp\/v2\/types\/post"}],"author":[{"embeddable":true,"href":"https:\/\/diariorepublica.com.ar\/web\/index.php\/wp-json\/wp\/v2\/users\/1"}],"replies":[{"embeddable":true,"href":"https:\/\/diariorepublica.com.ar\/web\/index.php\/wp-json\/wp\/v2\/comments?post=31007"}],"version-history":[{"count":1,"href":"https:\/\/diariorepublica.com.ar\/web\/index.php\/wp-json\/wp\/v2\/posts\/31007\/revisions"}],"predecessor-version":[{"id":31009,"href":"https:\/\/diariorepublica.com.ar\/web\/index.php\/wp-json\/wp\/v2\/posts\/31007\/revisions\/31009"}],"wp:featuredmedia":[{"embeddable":true,"href":"https:\/\/diariorepublica.com.ar\/web\/index.php\/wp-json\/wp\/v2\/media\/31008"}],"wp:attachment":[{"href":"https:\/\/diariorepublica.com.ar\/web\/index.php\/wp-json\/wp\/v2\/media?parent=31007"}],"wp:term":[{"taxonomy":"category","embeddable":true,"href":"https:\/\/diariorepublica.com.ar\/web\/index.php\/wp-json\/wp\/v2\/categories?post=31007"},{"taxonomy":"post_tag","embeddable":true,"href":"https:\/\/diariorepublica.com.ar\/web\/index.php\/wp-json\/wp\/v2\/tags?post=31007"}],"curies":[{"name":"wp","href":"https:\/\/api.w.org\/{rel}","templated":true}]}}