{"id":31013,"date":"2026-04-28T07:36:24","date_gmt":"2026-04-28T10:36:24","guid":{"rendered":"https:\/\/diariorepublica.com.ar\/web\/?p=31013"},"modified":"2026-04-28T07:36:26","modified_gmt":"2026-04-28T10:36:26","slug":"catamarca-lanza-marcaton-transporte-con-50-de-descuento-en-el-boleto-del-transporte-publico-urbano","status":"publish","type":"post","link":"https:\/\/diariorepublica.com.ar\/web\/index.php\/sociedad\/2026\/04\/28\/catamarca-lanza-marcaton-transporte-con-50-de-descuento-en-el-boleto-del-transporte-publico-urbano\/","title":{"rendered":"Catamarca lanza \u201cMarcat\u00f3n Transporte\u201d con 50% de descuento en el boleto del transporte p\u00fablico urbano"},"content":{"rendered":"<p>Los usuarios deber\u00e1n abonar el viaje utilizando dinero en cuenta mediante c\u00f3digo QR a trav\u00e9s de la aplicaci\u00f3n MODO BNA+. Adem\u00e1s, ser\u00e1 requisito estar registrado en la plataforma \u201cMi Catamarca\u201d.<\/p>\n<p>En una medida orientada a incentivar el consumo y aliviar el gasto cotidiano de los usuarios, el Gobierno de Catamarca pone en marcha \u201cMarcat\u00f3n Transporte\u201d, un programa que ofrecer\u00e1 un 50% de descuento en el boleto de transporte p\u00fablico urbano para quienes utilicen medios de pago digitales.<\/p>\n<p>La iniciativa surge en el marco del convenio que tienen el Ministerio de Hacienda y Obras P\u00fablicas, el Banco de la Naci\u00f3n Argentina (BNA) y la Federaci\u00f3n Econ\u00f3mica Catamarca. El acuerdo fue encabezado por el gobernador Ra\u00fal Jalil, junto a los ministros de Hacienda y Obra P\u00fablica, Juan Marchetti; de Integraci\u00f3n Regional, Log\u00edstica y Transporte, Lucas Poliche, y el gerente zonal del BNA Sebasti\u00e1n Riveros.<\/p>\n<p>Se trata de una propuesta in\u00e9dita en el pa\u00eds, que articula a un banco p\u00fablico con un gobierno provincial para generar beneficios directos en el transporte. El programa estar\u00e1 vigente desde el 1 de junio hasta el 31 de julio de 2026, con posibilidad de renovaci\u00f3n.<\/p>\n<p>El beneficio consiste en un descuento del 50% del valor del pasaje, con un tope de reintegro de $10.000 mensuales por persona. Para acceder, los usuarios deber\u00e1n abonar el viaje utilizando dinero en cuenta mediante c\u00f3digo QR a trav\u00e9s de la aplicaci\u00f3n MODO BNA+.<\/p>\n<p>Adem\u00e1s, ser\u00e1 requisito estar registrado en la plataforma \u201cMi Catamarca\u201d y estar enrolado espec\u00edficamente en el programa \u201cMarcat\u00f3n Transporte\u201d, con los datos personales validados.<\/p>\n<p>El beneficio es personal, intransferible y no acumulable con otras promociones, salvo excepciones. La renovaci\u00f3n ser\u00e1 autom\u00e1tica mes a mes, siempre que se mantengan las condiciones de acceso.<\/p>\n<p>Con esta medida, el Gobierno apunta a facilitar la movilidad urbana, promover el uso de pagos digitales y dinamizar la econom\u00eda local, en un contexto de ajuste en los bolsillos.<\/p>\n","protected":false},"excerpt":{"rendered":"<p>Los usuarios deber\u00e1n abonar el viaje utilizando dinero en cuenta mediante c\u00f3digo QR a trav\u00e9s de la aplicaci\u00f3n MODO BNA+.<\/p>\n","protected":false},"author":1,"featured_media":31014,"comment_status":"closed","ping_status":"closed","sticky":false,"template":"","format":"standard","meta":{"footnotes":"","jetpack_publicize_message":"","jetpack_publicize_feature_enabled":true,"jetpack_social_post_already_shared":true,"jetpack_social_options":{"image_generator_settings":{"template":"highway","enabled":false},"version":2}},"categories":[3],"tags":[],"class_list":["post-31013","post","type-post","status-publish","format-standard","has-post-thumbnail","hentry","category-sociedad"],"jetpack_publicize_connections":[],"_links":{"self":[{"href":"https:\/\/diariorepublica.com.ar\/web\/index.php\/wp-json\/wp\/v2\/posts\/31013"}],"collection":[{"href":"https:\/\/diariorepublica.com.ar\/web\/index.php\/wp-json\/wp\/v2\/posts"}],"about":[{"href":"https:\/\/diariorepublica.com.ar\/web\/index.php\/wp-json\/wp\/v2\/types\/post"}],"author":[{"embeddable":true,"href":"https:\/\/diariorepublica.com.ar\/web\/index.php\/wp-json\/wp\/v2\/users\/1"}],"replies":[{"embeddable":true,"href":"https:\/\/diariorepublica.com.ar\/web\/index.php\/wp-json\/wp\/v2\/comments?post=31013"}],"version-history":[{"count":1,"href":"https:\/\/diariorepublica.com.ar\/web\/index.php\/wp-json\/wp\/v2\/posts\/31013\/revisions"}],"predecessor-version":[{"id":31015,"href":"https:\/\/diariorepublica.com.ar\/web\/index.php\/wp-json\/wp\/v2\/posts\/31013\/revisions\/31015"}],"wp:featuredmedia":[{"embeddable":true,"href":"https:\/\/diariorepublica.com.ar\/web\/index.php\/wp-json\/wp\/v2\/media\/31014"}],"wp:attachment":[{"href":"https:\/\/diariorepublica.com.ar\/web\/index.php\/wp-json\/wp\/v2\/media?parent=31013"}],"wp:term":[{"taxonomy":"category","embeddable":true,"href":"https:\/\/diariorepublica.com.ar\/web\/index.php\/wp-json\/wp\/v2\/categories?post=31013"},{"taxonomy":"post_tag","embeddable":true,"href":"https:\/\/diariorepublica.com.ar\/web\/index.php\/wp-json\/wp\/v2\/tags?post=31013"}],"curies":[{"name":"wp","href":"https:\/\/api.w.org\/{rel}","templated":true}]}}