{"id":31019,"date":"2026-04-28T08:38:00","date_gmt":"2026-04-28T11:38:00","guid":{"rendered":"https:\/\/diariorepublica.com.ar\/web\/?p=31019"},"modified":"2026-04-28T07:39:00","modified_gmt":"2026-04-28T10:39:00","slug":"ojeda-el-psicologo-carlos-diaz-y-una-de-las-hermanas-declararan-en-el-juicio-por-la-muerte-de-maradona","status":"publish","type":"post","link":"https:\/\/diariorepublica.com.ar\/web\/index.php\/nacionales\/2026\/04\/28\/ojeda-el-psicologo-carlos-diaz-y-una-de-las-hermanas-declararan-en-el-juicio-por-la-muerte-de-maradona\/","title":{"rendered":"Ojeda, el psic\u00f3logo Carlos D\u00edaz y una de las hermanas declarar\u00e1n en el juicio por la muerte de Maradona"},"content":{"rendered":"<p>El psic\u00f3logo\u00a0<strong>Carlos D\u00edaz<\/strong>; la exmujer de\u00a0<a href=\"https:\/\/noticiasargentinas.com\/sociedad\/-no-les-importa-el-papa--son-peores-que-el---el-audio-de-luque-en-el-que-critica-a-las-hijas-de-maradona_a69ee49d17825f881533a2860\"><strong>Diego Armando Maradona<\/strong><\/a>,\u00a0<strong>Ver\u00f3nica Ojeda<\/strong>;\u00a0<strong>Rita<\/strong>, una de las hermanas; y el perito de la Polic\u00eda Cient\u00edfica,\u00a0<strong>Gerardo Vergara<\/strong>, declarar\u00e1n este martes en el juicio por la muerte del astro argentino.<\/p>\n<p>Fuentes del caso informaron a la\u00a0<i><strong>Agencia Noticias Argentinas<\/strong><\/i>\u00a0que Ojeda comparecer\u00e1\u00a0<i><strong>\u201cdespu\u00e9s del mediod\u00eda\u201d<\/strong><\/i>\u00a0y D\u00edaz\u00a0<i><strong>\u201cpor la tarde\u201d<\/strong><\/i>\u00a0ante los jueces Alberto Gaig, Alberto Ortolani y Pablo Rol\u00f3n, miembros del Tribunal Oral en lo Criminal (TOC) N\u00b07 de San Isidro.<\/p>\n<p>Allegados a la defensa del psic\u00f3logo se\u00f1alaron que el testimonio del especialista en tratamiento de adicciones estar\u00e1\u00a0<i><strong>\u201ccentrado en su actividad\u201d<\/strong><\/i>, mientras que la madre de Dieguito, Fernando y Rita ser\u00e1n otras de las familiares del exfutbolista en declarar luego de Gianinna, en la audiencia que comenzar\u00e1 a las 10.<\/p>\n<p>D\u00edaz no pudo exponer en el primer debate oral y p\u00fablico porque ese proceso se anul\u00f3, a la vez que Ojeda consign\u00f3 que Maradona<strong>\u00a0<\/strong><i><strong>\u00abten\u00eda olor a caca y a pis\u00bb<\/strong><\/i>\u00a0cuando lo visit\u00f3 en la vivienda del lote N\u00b045 del barrio cerrado San Andr\u00e9s, en el partido bonaerense de Tigre.<\/p>\n<p>Asimismo, Ver\u00f3nica indic\u00f3 que conoc\u00eda a tres de los acusados por el delito de \u00abhomicidio simple con dolo eventual\u00bb: el neurocirujano<strong>\u00a0Leopoldo Luque;<\/strong>\u00a0la psiquiatra\u00a0<strong>Agustina Cosachov;\u00a0<\/strong>y\u00a0<strong>D\u00edaz.<\/strong><\/p>\n<p>En este sentido, critic\u00f3 a Luque por haberse tomado una foto\u00a0<strong>\u201ccholula\u201d<\/strong>\u00a0con el paciente tras la operaci\u00f3n del hematoma subdural, mientras que acus\u00f3 a Cosachov de haberla\u00a0<strong>\u201cusado\u201d<\/strong>\u00a0y dijo que D\u00edaz usaba un vocabulario que no correspond\u00eda para referirse al alcohol:\u00a0<strong>\u201c\u00c9l llegaba y dec\u00eda que Diego no ten\u00eda que tomar chupi, no usaba la palabra alcohol. De esa forma se dirig\u00eda a la familia\u201d.<\/strong><\/p>\n<p>Seg\u00fan su testimonio, Luque\u00a0<strong>\u201cminti\u00f3\u201d<\/strong>\u00a0sobre la cirug\u00eda porque\u00a0<i><strong>\u201cse enteraron que otros m\u00e9dicos la realizaron\u201d<\/strong><\/i>:\u00a0<strong>\u201cNos dijo que fue un \u00e9xito, pero nos minti\u00f3. Es una verg\u00fcenza\u201d.<\/strong><\/p>\n<p>Con respecto al domicilio de Benav\u00eddez, describi\u00f3 que estaba sucio y\u00a0<i><strong>\u00abno se encontraba en condiciones para una internaci\u00f3n domiciliaria\u00bb<\/strong><\/i>\u00a0dado que\u00a0<i><strong>\u00abhab\u00eda olor a pis y caca\u00bb<\/strong><\/i>\u00a0en la habitaci\u00f3n de Maradona.<\/p>\n<p><i><strong>\u00abLo vi a Maradona dos d\u00edas antes de la muerte. Estaba hinchado\u00bb<\/strong><\/i>, agreg\u00f3.<\/p>\n<p>Por su parte, Rita Maradona manifest\u00f3 que en la reuni\u00f3n de la cl\u00ednica Olivos Dalma expres\u00f3:\u00a0<i><strong>\u00abUstedes no tienen nada que ver ac\u00e1, ya somos grandes y decidimos nosotras\u00bb.<\/strong><\/i><\/p>\n<p>La\u00a0<strong>presidenta de Sattvica S.A.<\/strong>\u00a0sostuvo que en ese encuentro estuvieron presentes Dalma, Gianinna, Jana, el psic\u00f3logo Carlos D\u00edaz, Cosachov, pero no record\u00f3 si se encontraba Luque.<\/p>\n<p><i><strong>\u00abTras la operaci\u00f3n del hematoma subdural, lleg\u00f3 a la casa de Tigre caminando acompa\u00f1ado de mi sobrino Jonathan. Puso la tele para ver un partido\u00bb, agreg\u00f3 y record\u00f3 que \u00abdos o tres d\u00edas antes de la muerte se restringieron las visitas\u00bb\u00a0<\/strong><\/i>al country de Tigre:\u00a0<i><strong>\u00abCreo que las hijas decidieron eso\u00bb.<\/strong><\/i><\/p>\n<p>Sin embargo, afirm\u00f3 que no tuvo contacto con Maradona cuando estaba en la casa del barrio privado San Andr\u00e9s.<\/p>\n<p>Sobre Luque, consider\u00f3 que el neurocirujano era el m\u00e9dico de cabecera de su hermano porque<i>\u00a0<strong>\u00abera el \u00fanico que lo atend\u00eda\u00bb.<\/strong><\/i><\/p>\n<p title=\"__IP__\" data-ipspy=\"__IP__\"><i><strong>\u00abCuando llegamos a Tigre, Claudia Villafa\u00f1e nos confirm\u00f3 el fallecimiento\u00bb,<\/strong><\/i>\u00a0sentenci\u00f3 Rita, quien record\u00f3:\u00a0<i><strong>\u00abSiempre iba los fines de semana a visitarlo a Campos de Roca y tomaba la medicaci\u00f3n. Abr\u00eda su botellita de agua y la consum\u00eda. Se la recet\u00f3 el doctor Alfredo Cahe\u00bb.<\/strong><\/i><\/p>\n<p>El m\u00e9dico cl\u00ednico<strong>\u00a0Pedro Di Spagna<\/strong>; la jefa de cuidados domiciliarios de Swiss Medical,\u00a0<strong>Nancy Forlini<\/strong>; el enfermero\u00a0<strong>Ricardo Almir\u00f3n<\/strong>; y el coordinador\u00a0<strong>Mariano Perroni<\/strong>\u00a0son los otros cuatro acusados por el deceso del ex entrenador.<\/p>\n<p>NA<\/p>\n","protected":false},"excerpt":{"rendered":"<p>El psic\u00f3logo\u00a0Carlos D\u00edaz; la exmujer de\u00a0Diego Armando Maradona,\u00a0Ver\u00f3nica Ojeda;\u00a0Rita, una de las hermanas; y el perito de la Polic\u00eda Cient\u00edfica,\u00a0Gerardo<\/p>\n","protected":false},"author":1,"featured_media":31020,"comment_status":"closed","ping_status":"closed","sticky":false,"template":"","format":"standard","meta":{"footnotes":"","jetpack_publicize_message":"","jetpack_publicize_feature_enabled":true,"jetpack_social_post_already_shared":true,"jetpack_social_options":{"image_generator_settings":{"template":"highway","enabled":false},"version":2}},"categories":[4],"tags":[],"class_list":["post-31019","post","type-post","status-publish","format-standard","has-post-thumbnail","hentry","category-nacionales"],"jetpack_publicize_connections":[],"_links":{"self":[{"href":"https:\/\/diariorepublica.com.ar\/web\/index.php\/wp-json\/wp\/v2\/posts\/31019"}],"collection":[{"href":"https:\/\/diariorepublica.com.ar\/web\/index.php\/wp-json\/wp\/v2\/posts"}],"about":[{"href":"https:\/\/diariorepublica.com.ar\/web\/index.php\/wp-json\/wp\/v2\/types\/post"}],"author":[{"embeddable":true,"href":"https:\/\/diariorepublica.com.ar\/web\/index.php\/wp-json\/wp\/v2\/users\/1"}],"replies":[{"embeddable":true,"href":"https:\/\/diariorepublica.com.ar\/web\/index.php\/wp-json\/wp\/v2\/comments?post=31019"}],"version-history":[{"count":1,"href":"https:\/\/diariorepublica.com.ar\/web\/index.php\/wp-json\/wp\/v2\/posts\/31019\/revisions"}],"predecessor-version":[{"id":31021,"href":"https:\/\/diariorepublica.com.ar\/web\/index.php\/wp-json\/wp\/v2\/posts\/31019\/revisions\/31021"}],"wp:featuredmedia":[{"embeddable":true,"href":"https:\/\/diariorepublica.com.ar\/web\/index.php\/wp-json\/wp\/v2\/media\/31020"}],"wp:attachment":[{"href":"https:\/\/diariorepublica.com.ar\/web\/index.php\/wp-json\/wp\/v2\/media?parent=31019"}],"wp:term":[{"taxonomy":"category","embeddable":true,"href":"https:\/\/diariorepublica.com.ar\/web\/index.php\/wp-json\/wp\/v2\/categories?post=31019"},{"taxonomy":"post_tag","embeddable":true,"href":"https:\/\/diariorepublica.com.ar\/web\/index.php\/wp-json\/wp\/v2\/tags?post=31019"}],"curies":[{"name":"wp","href":"https:\/\/api.w.org\/{rel}","templated":true}]}}