{"id":31022,"date":"2026-04-28T07:41:22","date_gmt":"2026-04-28T10:41:22","guid":{"rendered":"https:\/\/diariorepublica.com.ar\/web\/?p=31022"},"modified":"2026-04-28T07:41:25","modified_gmt":"2026-04-28T10:41:25","slug":"milei-lo-peor-ya-paso-a-pesar-del-ataque-violento-de-la-politica-contra-el-programa-economico","status":"publish","type":"post","link":"https:\/\/diariorepublica.com.ar\/web\/index.php\/politica\/2026\/04\/28\/milei-lo-peor-ya-paso-a-pesar-del-ataque-violento-de-la-politica-contra-el-programa-economico\/","title":{"rendered":"Milei: \u00abLo peor ya pas\u00f3 a pesar del ataque violento de la pol\u00edtica contra el programa econ\u00f3mico\u00bb"},"content":{"rendered":"<p><strong>Javier Milei\u00a0<\/strong>cerr\u00f3 este lunes la cena anual de la<strong>\u00a0Fundaci\u00f3n Libertad<\/strong>\u00a0como el principal orador del evento, que reuni\u00f3 a m\u00e1s de 1.000 dirigentes del mundo empresarial, pol\u00edtico e intelectuales liberales en<strong>\u00a0Parque Norte<\/strong>. All\u00ed, volvi\u00f3 a verse cara a cara, entre otros, con el expresidente y l\u00edder del PRO,\u00a0<strong>Mauricio Macri.<\/strong><\/p>\n<article class=\"article-body\">\n<div class=\"article-content\">\n<div class=\"news-body-paragraph\" data-twitter-link=\"\">\n<p id=\"p-1777339646287-12603\">El encuentro en Parque Norte cont\u00f3 adem\u00e1s con la participaci\u00f3n del ensayista peruano\u00a0<strong>\u00c1lvaro Vargas Llosa\u00a0<\/strong>y de la Premio Nobel de la Paz,\u00a0<strong>Mar\u00eda Corina Machado<\/strong>, que envi\u00f3 un video. Antes de Milei, el ex presidente\u00a0<strong>Mauricio Macri\u00a0<\/strong>hizo su exposici\u00f3n donde destac\u00f3 la figura de Machado y se refiri\u00f3 a la crisis pol\u00edtica de Venezuela.<\/p>\n<\/div>\n<\/div>\n<\/article>\n<article class=\"article-body par-4\">\n<div class=\"article-content\">\n<div class=\"news-body-paragraph\" data-twitter-link=\"\">\n<p id=\"p-1777337163608-83346\">Milei comenz\u00f3 su discurso brindando su solidaridad al presidente de Estados Unidos,\u00a0<strong>Donald Trump<\/strong>, quien sufri\u00f3 un atentado el \u00faltimo fin de semana.\u00a0<strong>\u00abMi m\u00e1s en\u00e9rgico repudio al nuevo intento de asesinato sufrido por el presidente Donald Trump<\/strong>\u00ab, manifest\u00f3 Milei al apuntar contra \u00abla izquierda\u00bb, a quien le atribuy\u00f3 el ataque.<\/p>\n<p id=\"p-1777339173191-10879\"><strong>\u00abEstamos ante un nuevo auge de la violencia pol\u00edtica. No aceptan perder en la batalla por las ideas y en las urnas.<\/strong>\u00a0No son compatibles con la democracia y deben ser castigados con todo el peso de la ley\u00bb, analiz\u00f3 sobre el atentado.<\/p>\n<p id=\"p-1777337337656-58522\">En esa l\u00ednea, insisti\u00f3 que ese sector \u00ab<strong>no tienen ning\u00fan problema en matarnos si es necesario. Por eso no podemos abandonar la batalla pero tenemos que dejarlos en evidencia<\/strong>\u00ab, plante\u00f3 y destac\u00f3 la importancia de \u00ab<strong>la batalla cultural<\/strong>\u00ab.<\/p>\n<p id=\"p-1777337389556-17246\">\u00abLas ideas de la libertad funcionan\u00bb, remarc\u00f3 y agreg\u00f3 que \u00ab<strong>todo eso que dec\u00edan que no se pod\u00eda, s\u00ed se puede hacer y s\u00ed que funciona<\/strong>\u00ab. Al destacar al ministro de Econom\u00eda,\u00a0<strong>Luis Caputo<\/strong>, resalt\u00f3 que al llegar al Gobierno\u00a0<strong>\u00abpusimos en orden las cuentas p\u00fablicas\u00bb.<\/strong><\/p>\n<p id=\"p-1777337873461-34568\">\u00abLe devolvimos a los argentinos 15 puntos del PBI, si a eso le sumamos los que bajamos de impuestos,\u00a0<strong>le hemos devuelto a los argentino m\u00e1s de 100 mil millones de d\u00f3lares<\/strong>. Vaya que s\u00ed somos un gobierno liberal\u00bb, celebr\u00f3.<\/p>\n<p id=\"p-1777337981878-44506\">El presidente analiz\u00f3 la deuda heredada por su Gobierno: \u00abLa deuda subi\u00f3\u00a0<strong>381 mil millones de d\u00f3lares<\/strong>. Durante el Gobierno del presidente Mauricio Macri se tomaron\u00a0<strong>60 mil millones<\/strong>, quiere decir que los\u00a0<strong>320 mil d\u00f3lares\u00a0<\/strong>restantes son todos del kirchnerismo. Por lo tanto\u00a0<strong>si alguien que ha endeudado al pa\u00eds brutalmente, comprometiendo a las generaciones futuras, es el kirchnerismo<\/strong>\u00ab.<\/p>\n<div id=\"embed67_wrap\" class=\"embed_cont type_freetext\" contenteditable=\"false\">\n<div id=\"embed67_content\" class=\"embed_content\">\n<div id=\"embed67_embed\">\n<div id=\"p-1777340844158-69515\"><iframe loading=\"lazy\" title=\"Dailymotion video player \u2013 JAVIER MILEI: \" src=\"https:\/\/geo.dailymotion.com\/player\/xx206.html?video=xa78b3k\" width=\"100%\" height=\"100%\" frameborder=\"0\" allowfullscreen=\"allowfullscreen\" data-td-src-property=\"https:\/\/geo.dailymotion.com\/player\/xx206.html?video=xa78b3k\" data-gtm-yt-inspected-31521157_77=\"true\" data-gtm-yt-inspected-16=\"true\" data-mce-fragment=\"1\"><\/iframe><\/div>\n<\/div>\n<\/div>\n<div id=\"p-1777340844158-88680\" class=\"embed_wrapper-cont\">\n<div id=\"embed67_epigrafe\" class=\"embed_epigrafe\"><\/div>\n<\/div>\n<\/div>\n<p id=\"p-1777340834158-15035\">\n<p id=\"p-1777338136906-79280\">\u00abVaya que s\u00ed, que somos un pagador serial y que honramos las deudas\u00bb, plante\u00f3 sobre los pagos realizados bajo su administraci\u00f3n y subray\u00f3 que \u00ab<strong>tarde o temprano, el riesgo pa\u00eds se va a derrumbar porque vamos a honrar las deudas\u00bb.<\/strong><\/p>\n<p id=\"p-1777340303867-99355\">\n<p id=\"p-1777339820893-62282\">Al comparar los datos sobre el trabajo privado, p\u00fablico y no registrado, indic\u00f3: \u00abLos salarios que verdaderamente se est\u00e1n desplomando son los del sector p\u00fablico. \u00bfSaben qui\u00e9n es al peor que le fue en esta econom\u00eda en t\u00e9rminos reales? A m\u00ed que\u00a0<strong>soy el \u00fanico que no se modific\u00f3 el sueldo desde que asumi\u00f3<\/strong>. De hecho,\u00a0<strong>soy el presidente que menos gana en Am\u00e9rica.\u00a0<\/strong>El ajuste cay\u00f3 en el sector p\u00fablico, pag\u00f3 la casta\u00bb.<\/p>\n<p id=\"p-1777339886888-50431\">\u00ab<strong>No nos dejemos psicopatear por los<em>\u00a0kukas<\/em><\/strong>, no les demos lugar para que vuelvan. No les voy a dejar pasar ninguna de las barbaridades del discurso mentiroso que tienen. Les guste o no, nosotros sacamos a 14 millones de la pobreza\u00bb, rechaz\u00f3 y destac\u00f3 la gesti\u00f3n de la ministra de Capital Humano,\u00a0<strong>Sandra Pettovello<\/strong>, en conjunto con la ex ministra de Seguridad,\u00a0<strong>Patricia Bullrich.<\/strong><\/p>\n<p id=\"p-1777338736069-6368\">\n<p id=\"p-1777338111966-69298\">El presidente se refiri\u00f3 a la inflaci\u00f3n de los \u00faltimos 12 meses de su Gobierno y sostuvo \u00ab<strong>sigue siendo un n\u00famero horrible el 33%<\/strong>, el tema es a d\u00f3nde \u00edbamos y a entender por qu\u00e9 hoy tenemos los n\u00fameros que tenemos\u00bb.<\/p>\n<p id=\"p-1777338635219-1839\">\u00abLa inflaci\u00f3n hab\u00eda empezado a caer, pero luego de la elecci\u00f3n de mayo (de 2025) la pol\u00edtica empez\u00f3 a jugar\u00bb, objet\u00f3 y apunt\u00f3 contra la oposici\u00f3n. En ese sentido, indic\u00f3 que hubo un \u00ab<strong>saboteo enorme\u00bb coordinado entre \u00abempresaurios, medios de comunicaci\u00f3n, pol\u00edticos y opinadores, b\u00e1sicamente para destruir el programa econ\u00f3mico\u00bb.<\/strong><\/p>\n<p id=\"p-1777338734969-69030\">Milei expuso que a partir de ese momento, se vivi\u00f3 una \u00abaceleraci\u00f3n inflacionaria\u00bb que despu\u00e9s \u00abrecrudeci\u00f3 con la estacionalidad del primer trimestre (de 2026) y con las consecuencias del impacto de la guerra (en Medio Oriente) sobre el precio de los combustibles\u00bb.<\/p>\n<p id=\"p-1777338878329-88022\">Sin embargo, observ\u00f3 que \u00abla base monetario sigue siendo la misma\u00bb y agreg\u00f3 que \u00ab<strong>consecuentemente tarde o temprano, la inflaci\u00f3n va a ceder<\/strong>\u00ab.<\/p>\n<p id=\"p-1777339247487-13692\">\u00ab<strong>Cuando dije lo peor ya pas\u00f3; efectivamente lo peor ya pas\u00f3<\/strong>, a pesar del ataque violento de la pol\u00edtica contra el programa econ\u00f3mico, que no se lo pudieron llevar puesto. Adem\u00e1s, la gente en las elecciones apoy\u00f3 el programa con el 41% sac\u00e1ndole 17 puntos de diferencia al kirchnerismo\u00bb, evalu\u00f3.<\/p>\n<p id=\"p-1777339427945-8162\">Despu\u00e9s de citar al economista a\u00a0<strong>Milton Friedman con su frase\u00a0<\/strong>\u00abPrimero los datos\u00bb, afirm\u00f3 que los \u00abdatos est\u00e1n mostrando que cada uno de los indicadores que estoy mostrando amerita que nos jactemos que\u00a0<strong>somos el mejor gobierno de la historia, le guste o no le guste a la izquierda<\/strong>\u00ab.<\/p>\n<p id=\"p-1777297918601-69362\"><strong>El reencuentro de Milei con Macri<\/strong><\/p>\n<p id=\"p-1777060655397-27917\">Como ya lo hizo el a\u00f1o pasado, la Fundaci\u00f3n Libertad reunir\u00e1 este lunes a dirigentes de la pol\u00edtica, el mundo empresarial e intelectuales de habla hispana en su tradicional cena anual, un evento que volver\u00e1 a tener a Milei como principal orador.<\/p>\n<p id=\"p-1777061836417-61811\">Al encuentro, convocado en los salones del centro de convenciones ubicado en la ribera norte de la ciudad de Buenos Aires, fueron invitados m\u00e1s de 1.000 invitados.<\/p>\n<p id=\"p-1777062400207-57396\">Adem\u00e1s del Presidente, participa representantes del oficialismo, como el titular de la C\u00e1mara de Diputados,\u00a0<strong>Mart\u00edn Menem,\u00a0<\/strong><strong>Karina Milei, Manuel Adorni<\/strong>\u00a0y otros funcionarios del Poder Ejecutivo: los ministros de Desregulaci\u00f3n del Estado,\u00a0<strong>Federico Sturzenegger;\u00a0<\/strong>del Interior,<strong>\u00a0Diego Santilli;\u00a0<\/strong>de Seguridad,\u00a0<strong>Alejandra Monteoliva;<\/strong>\u00a0de Justicia,\u00a0<strong>Juan Bautista Mahiques<\/strong>; y de Salud,\u00a0<strong>Mario Lugones.\u00a0<\/strong>Tambi\u00e9n se encuentra la jefa del bloque de La Libertad Avanza (LLA) en el Senado,\u00a0<strong>Patricia Bullrich.<\/strong><\/p>\n<p id=\"p-1777062716242-49016\">El think tank liberal fue fundado en\u00a0<strong>Rosario<\/strong>\u00a0hace 38 a\u00f1os y desde entonces se transform\u00f3 en uno de los espacios de mayor influencia sobre la agenda pol\u00edtica nacional enfocada en la libertad econ\u00f3mica y la democracia.<\/p>\n<p>a24.com<\/p>\n<\/div>\n<\/div>\n<\/article>\n","protected":false},"excerpt":{"rendered":"<p>Javier Milei\u00a0cerr\u00f3 este lunes la cena anual de la\u00a0Fundaci\u00f3n Libertad\u00a0como el principal orador del evento, que reuni\u00f3 a m\u00e1s de<\/p>\n","protected":false},"author":1,"featured_media":31023,"comment_status":"closed","ping_status":"closed","sticky":false,"template":"","format":"standard","meta":{"footnotes":"","jetpack_publicize_message":"","jetpack_publicize_feature_enabled":true,"jetpack_social_post_already_shared":true,"jetpack_social_options":{"image_generator_settings":{"template":"highway","enabled":false},"version":2}},"categories":[12],"tags":[],"class_list":["post-31022","post","type-post","status-publish","format-standard","has-post-thumbnail","hentry","category-politica"],"jetpack_publicize_connections":[],"_links":{"self":[{"href":"https:\/\/diariorepublica.com.ar\/web\/index.php\/wp-json\/wp\/v2\/posts\/31022"}],"collection":[{"href":"https:\/\/diariorepublica.com.ar\/web\/index.php\/wp-json\/wp\/v2\/posts"}],"about":[{"href":"https:\/\/diariorepublica.com.ar\/web\/index.php\/wp-json\/wp\/v2\/types\/post"}],"author":[{"embeddable":true,"href":"https:\/\/diariorepublica.com.ar\/web\/index.php\/wp-json\/wp\/v2\/users\/1"}],"replies":[{"embeddable":true,"href":"https:\/\/diariorepublica.com.ar\/web\/index.php\/wp-json\/wp\/v2\/comments?post=31022"}],"version-history":[{"count":1,"href":"https:\/\/diariorepublica.com.ar\/web\/index.php\/wp-json\/wp\/v2\/posts\/31022\/revisions"}],"predecessor-version":[{"id":31024,"href":"https:\/\/diariorepublica.com.ar\/web\/index.php\/wp-json\/wp\/v2\/posts\/31022\/revisions\/31024"}],"wp:featuredmedia":[{"embeddable":true,"href":"https:\/\/diariorepublica.com.ar\/web\/index.php\/wp-json\/wp\/v2\/media\/31023"}],"wp:attachment":[{"href":"https:\/\/diariorepublica.com.ar\/web\/index.php\/wp-json\/wp\/v2\/media?parent=31022"}],"wp:term":[{"taxonomy":"category","embeddable":true,"href":"https:\/\/diariorepublica.com.ar\/web\/index.php\/wp-json\/wp\/v2\/categories?post=31022"},{"taxonomy":"post_tag","embeddable":true,"href":"https:\/\/diariorepublica.com.ar\/web\/index.php\/wp-json\/wp\/v2\/tags?post=31022"}],"curies":[{"name":"wp","href":"https:\/\/api.w.org\/{rel}","templated":true}]}}