{"id":31025,"date":"2026-04-28T07:44:17","date_gmt":"2026-04-28T10:44:17","guid":{"rendered":"https:\/\/diariorepublica.com.ar\/web\/?p=31025"},"modified":"2026-04-28T07:44:19","modified_gmt":"2026-04-28T10:44:19","slug":"el-consumo-masivo-cayo-un-51-en-marzo-y-sufrio-la-mayor-contraccion-en-14-meses","status":"publish","type":"post","link":"https:\/\/diariorepublica.com.ar\/web\/index.php\/economia\/2026\/04\/28\/el-consumo-masivo-cayo-un-51-en-marzo-y-sufrio-la-mayor-contraccion-en-14-meses\/","title":{"rendered":"El consumo masivo cay\u00f3 un 5,1% en marzo y sufri\u00f3 la mayor contracci\u00f3n en 14 meses"},"content":{"rendered":"<article class=\"article-body article-body--first-paragraph content-protected-false\" data-td-script-src=\"https:\/\/www.ambito.com\/td\/modulos\/encuestas\/js\/function-embeds-min-version-1777262880.js\">\n<p id=\"p-1777321865492-58036\">El\u00a0<strong>consumo masivo<\/strong>\u00a0contin\u00faa sin remontar y en\u00a0<strong>marzo perdi\u00f3 un 5,1%\u00a0<\/strong>frente al mismo mes de 2025, lo que representa la peor ca\u00edda en 14 meses, mientras que en el primer trimestre acumul\u00f3 un rojo de\u00a0<strong>3,1%,<\/strong>\u00a0seg\u00fan la medici\u00f3n de\u00a0<strong>Scentia<\/strong>. En el\u00a0<strong>balance mensual, de todos modos,\u00a0<\/strong>se observ\u00f3 un repunte de\u00a0<strong>6,1%<\/strong>, traccionado por el aumento de ventas en supermercados, mayoristas y autoservicios.<\/p>\n<\/article>\n<article class=\"article-body article-body--second-paragraph content-protected-false\">\n<p id=\"p-1777323494158-37590\">En el \u00faltimo a\u00f1o, el consumo masivo cay\u00f3 en mayor medida dentro de los canales de\u00a0<strong>mayoristas<\/strong>\u00a0(-8,8%),\u00a0<strong>supermercados<\/strong>\u00a0(-7%) y\u00a0<strong>autoservicios independientes<\/strong>\u00a0(-5,1%). Aunque en el trimestre, los tres canales recortan la baja a 4,5%, 5,4% y 4,4%, respectivamente.<\/p>\n<article class=\"article-body article-body--third-paragraph content-protected-false\">\n<p id=\"p-1777325058915-50481\">Hacia adentro de la categor\u00eda de\u00a0<strong>supermercados<\/strong>, los rubros que m\u00e1s cayeron fueron\u00a0<strong>perecederos<\/strong>\u00a0(-10,6%),\u00a0<strong>bebidas sin alcohol<\/strong>\u00a0(-10,4%) y\u00a0<strong>bebidas con alcohol<\/strong>\u00a0(-8,5%).\u00a0<strong>Alimentaci\u00f3n<\/strong>, por su parte, baj\u00f3 5,3%.<\/p>\n<\/article>\n<article class=\"article-body article-body--fourth-paragraph content-protected-false\">\n<p id=\"p-1777325341783-28114\">En los\u00a0<strong>autoservicios independientes<\/strong>, en tanto,\u00a0<strong>perecederos\u00a0<\/strong>se derrumbaron\u00a0<strong>14,4%<\/strong>\u00a0y\u00a0<strong>bebidas sin alcohol<\/strong>\u00a0un\u00a0<strong>9,8%. Alimentos<\/strong>\u00a0tuvo una variaci\u00f3n levemente positiva, en torno al 1%.<\/p>\n<\/article>\n<article class=\"article-body article-body--fifth-paragraph content-protected-false\">\n<p id=\"p-1777326318212-96042\">En el otro extremo, el \u00fanico de los canales que viene subiendo mes a mes es el e-commerce (+34,3%) -por los cambios de patrones de consumo-, aunque representa una peque\u00f1a porci\u00f3n de las ventas y no logra compensar las ca\u00eddas de los dem\u00e1s canales.<\/p>\n<\/article>\n<article class=\"article-body article-body--remaining-paragraph content-protected-false\">\n<p id=\"p-1777323897914-4228\">Entre\u00a0<strong>supermercados<\/strong>\u00a0y\u00a0<strong>autoservicios<\/strong>, en conjunto, la baja del consumo fue a\u00fan m\u00e1s fuerte: perdi\u00f3 6,1% en marzo.<\/p>\n<p id=\"p-1777325432616-26232\">El consumo masivo en marzo se ubic\u00f3 en el 89%, teniendo como base enero 2023 y se ubic\u00f3 22 puntos porcentuales (p.p.) por debajo de diciembre de ese a\u00f1o, cuando asumi\u00f3\u00a0<strong>Javier Milei<\/strong>.<\/p>\n<p id=\"p-1777326166146-91779\">\u00abEl precio promedio ponderado del consumo masivo, en su medici\u00f3n interanual, arroja una variaci\u00f3n de 20,4%, bastante por debajo del IPC cuyo valor, en el mismo periodo de comparaci\u00f3n, fue de 32,6%\u00bb, destacan de la consultora liderada por Osvaldo del R\u00edo.<\/p>\n<p id=\"p-1777324656074-49497\">La ca\u00edda del consumo se enmarca en una\u00a0<strong>p\u00e9rdida del poder adquisitivo.\u00a0<\/strong>Los\u00a0<strong>salarios registrados\u00a0<\/strong>-que incluyen tanto al\u00a0<strong>sector p\u00fablico<\/strong>\u00a0como al\u00a0<strong>privado<\/strong>&#8211; acumularon una\u00a0<strong>baja real de 4,33% entre septiembre y febrero<\/strong>, seg\u00fan el c\u00e1lculo de\u00a0<strong>\u00c1mbito\u00a0<\/strong>en base a los datos oficiales del\u00a0<strong>INDEC<\/strong>, un factor determinante de la magra performance del consumo. Desde la asunci\u00f3n de\u00a0<strong>Javier Milei\u00a0<\/strong>como presidente la p\u00e9rdida es de\u00a0<strong data-start=\"813\" data-end=\"827\">8,87%;\u00a0<\/strong>los\u00a0<strong data-start=\"871\" data-end=\"911\">p\u00fablicos fueron los m\u00e1s perjudicados<\/strong>\u00a0con una ca\u00edda del\u00a0<strong data-start=\"930\" data-end=\"962\">18,35%,<\/strong>\u00a0mientras que los\u00a0<strong data-start=\"981\" data-end=\"1021\">privados retrocedieron un 3,54%<\/strong>.<\/p>\n<p>ambito.com<\/p>\n<\/article>\n<\/article>\n","protected":false},"excerpt":{"rendered":"<p>El\u00a0consumo masivo\u00a0contin\u00faa sin remontar y en\u00a0marzo perdi\u00f3 un 5,1%\u00a0frente al mismo mes de 2025, lo que representa la peor ca\u00edda<\/p>\n","protected":false},"author":1,"featured_media":31026,"comment_status":"closed","ping_status":"closed","sticky":false,"template":"","format":"standard","meta":{"footnotes":"","jetpack_publicize_message":"","jetpack_publicize_feature_enabled":true,"jetpack_social_post_already_shared":true,"jetpack_social_options":{"image_generator_settings":{"template":"highway","enabled":false},"version":2}},"categories":[5],"tags":[],"class_list":["post-31025","post","type-post","status-publish","format-standard","has-post-thumbnail","hentry","category-economia"],"jetpack_publicize_connections":[],"_links":{"self":[{"href":"https:\/\/diariorepublica.com.ar\/web\/index.php\/wp-json\/wp\/v2\/posts\/31025"}],"collection":[{"href":"https:\/\/diariorepublica.com.ar\/web\/index.php\/wp-json\/wp\/v2\/posts"}],"about":[{"href":"https:\/\/diariorepublica.com.ar\/web\/index.php\/wp-json\/wp\/v2\/types\/post"}],"author":[{"embeddable":true,"href":"https:\/\/diariorepublica.com.ar\/web\/index.php\/wp-json\/wp\/v2\/users\/1"}],"replies":[{"embeddable":true,"href":"https:\/\/diariorepublica.com.ar\/web\/index.php\/wp-json\/wp\/v2\/comments?post=31025"}],"version-history":[{"count":1,"href":"https:\/\/diariorepublica.com.ar\/web\/index.php\/wp-json\/wp\/v2\/posts\/31025\/revisions"}],"predecessor-version":[{"id":31027,"href":"https:\/\/diariorepublica.com.ar\/web\/index.php\/wp-json\/wp\/v2\/posts\/31025\/revisions\/31027"}],"wp:featuredmedia":[{"embeddable":true,"href":"https:\/\/diariorepublica.com.ar\/web\/index.php\/wp-json\/wp\/v2\/media\/31026"}],"wp:attachment":[{"href":"https:\/\/diariorepublica.com.ar\/web\/index.php\/wp-json\/wp\/v2\/media?parent=31025"}],"wp:term":[{"taxonomy":"category","embeddable":true,"href":"https:\/\/diariorepublica.com.ar\/web\/index.php\/wp-json\/wp\/v2\/categories?post=31025"},{"taxonomy":"post_tag","embeddable":true,"href":"https:\/\/diariorepublica.com.ar\/web\/index.php\/wp-json\/wp\/v2\/tags?post=31025"}],"curies":[{"name":"wp","href":"https:\/\/api.w.org\/{rel}","templated":true}]}}