{"id":31028,"date":"2026-04-28T08:44:00","date_gmt":"2026-04-28T11:44:00","guid":{"rendered":"https:\/\/diariorepublica.com.ar\/web\/?p=31028"},"modified":"2026-04-28T07:46:33","modified_gmt":"2026-04-28T10:46:33","slug":"volvio-a-caer-la-confianza-en-el-gobierno-y-suma-cuatro-meses-en-baja","status":"publish","type":"post","link":"https:\/\/diariorepublica.com.ar\/web\/index.php\/politica\/2026\/04\/28\/volvio-a-caer-la-confianza-en-el-gobierno-y-suma-cuatro-meses-en-baja\/","title":{"rendered":"Volvi\u00f3 a caer la confianza en el Gobierno y suma cuatro meses en baja"},"content":{"rendered":"<article id=\"article-post\" class=\"first\">\n<div class=\"cuerpo\" data-twitter-link=\"https:\/\/twitter.com\/intent\/tweet?url=https:\/\/www.diariopopular.com.ar\/c897546&amp;via=poopulardiario&amp;related=Popular&amp;text=\">\n<p id=\"p-1777328052187-70923\">El<strong>\u00a0\u00cdndice de Confianza en el Gobierno (ICG),\u00a0<\/strong>que elabora la\u00a0<strong>Escuela de Gobierno de la Universidad Torcuato Di Tella,<\/strong>\u00a0baj\u00f3 12,1% en relaci\u00f3n a marzo pra quedar en 2,02 puntos .<\/p>\n<\/div>\n<\/article>\n<article id=\"article-post\">\n<div class=\"cuerpo\" data-twitter-link=\"#TWEMBEDLINK#\">\n<p id=\"p-1777328052187-66106\">Seg\u00fan el informe, esta retoceso result\u00f3 \u00ab<strong>el m\u00e1s pronunciado\u00bb en los que va del a\u00f1o y el cuarto de manera<\/strong>\u00a0<strong>consecutiva al haber registrado bajas del\u00a0<\/strong>2,8% en enero; 0,6% para febrero; 3,5% en marzo, y 12,1% en abril. As\u00ed, la ca\u00edda acumulada desde diciembre de 2025 alcanz\u00f3 el 17,9%.<\/p>\n<\/div>\n<\/article>\n<article id=\"article-post\">\n<div class=\"cuerpo\" data-twitter-link=\"#TWEMBEDLINK#\">\n<p id=\"p-1777328052187-52847\">El promedio de la gesti\u00f3n de<strong>\u00a0Javier Milei<\/strong>\u00a0descendi\u00f3 a 2,42 puntos, y alcanz\u00f3 su registro m\u00e1s bajo desde el inicio del mandato. Mientras que en el mismo tramo de sus gobiernos,<strong>\u00a0Mauricio Macri\u00a0<\/strong>promedi\u00f3 2,53 puntos y<strong>\u00a0Alberto Fern\u00e1ndez,\u00a0<\/strong>1,97.<\/p>\n<\/div>\n<\/article>\n<article id=\"article-post\">\n<div class=\"cuerpo\" data-twitter-link=\"#TWEMBEDLINK#\">\n<p id=\"p-1777328052187-65369\">Por su parte, en la comparaci\u00f3n interanual,\u00a0<strong>el \u00edndice retrocedi\u00f3 13,2%<\/strong>. El nivel actual se mantuvo por encima del registrado en abril de 2022 durante la gesti\u00f3n de\u00a0<strong>Alberto Fern\u00e1ndez\u00a0<\/strong>(1,44 puntos), pero qued\u00f3 por debajo del igual mes de 2018 bajo de la presidencia de\u00a0<strong>Mauricio Macri\u00a0<\/strong>(2,07 puntos).<\/p>\n<p id=\"p-1777328052187-2093\">El relevamiento fue realizado por\u00a0<strong>Poliarqu\u00eda Consultores<\/strong>\u00a0entre el 6 y el 17 de abril de 2026 sobre una muestra de 1.000 casos en 39 localidades del pa\u00eds.<\/p>\n<p id=\"p-1777328052187-29492\">Los cinco sub\u00edndices que integran el ICG mostraron variaciones negativas en abril y alcanzaron sus valores m\u00e1s bajos de 2026, por ejemplo,\u00a0<strong>Honestidad\u00a0<\/strong>se mantuvo como el componente con mayor puntaje, con 2,50 puntos, aunque cay\u00f3 8,4%;\u00a0<strong>Capacidad<\/strong>\u00a0retrocedi\u00f3 2,0%; el mayor descenso se registr\u00f3 en\u00a0<strong>Eficiencia<\/strong>, que baj\u00f3 21,4% hasta 1,87 puntos.<\/p>\n<p id=\"p-1777331779005-20796\">Tambi\u00e9n retrocedieron la\u00a0<strong>Evaluaci\u00f3n general del gobierno<\/strong>, que se ubic\u00f3 en 1,64 puntos (-17,2%), y la\u00a0<strong>Preocupaci\u00f3n por el inter\u00e9s general<\/strong>, con 1,61 puntos (-13,9%).<\/p>\n<p id=\"p-1777328052187-31522\">La brecha entre hombres y mujeres se redujo en abril como resultado de una ca\u00edda m\u00e1s marcada en el segmento masculino.\u00a0<strong>El ICG entre los hombres descendi\u00f3 16,9% hasta 2,16 puntos<\/strong>, mientras que entre las\u00a0<strong>mujeres baj\u00f3 4,1% hasta 1,85 puntos<\/strong>.<\/p>\n<p id=\"p-1777328052187-13853\">Mientras que por edad,\u00a0<strong>el grupo de 18 a 29 a\u00f1os volvi\u00f3 a registrar el valor m\u00e1s alto, con 2,27 puntos y una suba de 2,3%<\/strong>. El segmento de 30 a 49 a\u00f1os mostr\u00f3 la mayor ca\u00edda del mes, con un retroceso de 16,7% hasta 1,94 puntos. Entre los mayores de 50 a\u00f1os, el \u00edndice descendi\u00f3 a 2,03 puntos (-11,4%).<\/p>\n<\/div>\n<\/article>\n","protected":false},"excerpt":{"rendered":"<p>El\u00a0\u00cdndice de Confianza en el Gobierno (ICG),\u00a0que elabora la\u00a0Escuela de Gobierno de la Universidad Torcuato Di Tella,\u00a0baj\u00f3 12,1% en relaci\u00f3n<\/p>\n","protected":false},"author":1,"featured_media":31029,"comment_status":"closed","ping_status":"closed","sticky":false,"template":"","format":"standard","meta":{"footnotes":"","jetpack_publicize_message":"","jetpack_publicize_feature_enabled":true,"jetpack_social_post_already_shared":true,"jetpack_social_options":{"image_generator_settings":{"template":"highway","enabled":false},"version":2}},"categories":[12],"tags":[],"class_list":["post-31028","post","type-post","status-publish","format-standard","has-post-thumbnail","hentry","category-politica"],"jetpack_publicize_connections":[],"_links":{"self":[{"href":"https:\/\/diariorepublica.com.ar\/web\/index.php\/wp-json\/wp\/v2\/posts\/31028"}],"collection":[{"href":"https:\/\/diariorepublica.com.ar\/web\/index.php\/wp-json\/wp\/v2\/posts"}],"about":[{"href":"https:\/\/diariorepublica.com.ar\/web\/index.php\/wp-json\/wp\/v2\/types\/post"}],"author":[{"embeddable":true,"href":"https:\/\/diariorepublica.com.ar\/web\/index.php\/wp-json\/wp\/v2\/users\/1"}],"replies":[{"embeddable":true,"href":"https:\/\/diariorepublica.com.ar\/web\/index.php\/wp-json\/wp\/v2\/comments?post=31028"}],"version-history":[{"count":1,"href":"https:\/\/diariorepublica.com.ar\/web\/index.php\/wp-json\/wp\/v2\/posts\/31028\/revisions"}],"predecessor-version":[{"id":31030,"href":"https:\/\/diariorepublica.com.ar\/web\/index.php\/wp-json\/wp\/v2\/posts\/31028\/revisions\/31030"}],"wp:featuredmedia":[{"embeddable":true,"href":"https:\/\/diariorepublica.com.ar\/web\/index.php\/wp-json\/wp\/v2\/media\/31029"}],"wp:attachment":[{"href":"https:\/\/diariorepublica.com.ar\/web\/index.php\/wp-json\/wp\/v2\/media?parent=31028"}],"wp:term":[{"taxonomy":"category","embeddable":true,"href":"https:\/\/diariorepublica.com.ar\/web\/index.php\/wp-json\/wp\/v2\/categories?post=31028"},{"taxonomy":"post_tag","embeddable":true,"href":"https:\/\/diariorepublica.com.ar\/web\/index.php\/wp-json\/wp\/v2\/tags?post=31028"}],"curies":[{"name":"wp","href":"https:\/\/api.w.org\/{rel}","templated":true}]}}