{"id":31031,"date":"2026-04-28T07:49:39","date_gmt":"2026-04-28T10:49:39","guid":{"rendered":"https:\/\/diariorepublica.com.ar\/web\/?p=31031"},"modified":"2026-04-28T07:49:40","modified_gmt":"2026-04-28T10:49:40","slug":"torneo-apertura-velez-empato-con-union","status":"publish","type":"post","link":"https:\/\/diariorepublica.com.ar\/web\/index.php\/deportes\/2026\/04\/28\/torneo-apertura-velez-empato-con-union\/","title":{"rendered":"Torneo Apertura: V\u00e9lez empat\u00f3 con Uni\u00f3n"},"content":{"rendered":"<article id=\"article-post\" class=\"first\">\n<div class=\"cuerpo\" data-twitter-link=\"https:\/\/twitter.com\/intent\/tweet?url=https:\/\/www.diariopopular.com.ar\/c897563&amp;via=poopulardiario&amp;related=Popular&amp;text=\">\n<p id=\"p-1777334258674-57657\"><strong>V\u00e9lez igual\u00f3 2 a 2 con Uni\u00f3n en el Jos\u00e9 Amalfitani y dej\u00f3 escapar la oportunidad de alcanzar la cima de la Zona A del Torneo Apertura.<\/strong>\u00a0El equipo de Guillermo Barros Schelotto estuvo dos veces arriba en el marcador, pero no logr\u00f3 sostener la ventaja y termin\u00f3 repartiendo puntos<strong>. Con este resultado, qued\u00f3 tercero a una unidad del l\u00edder<\/strong>, mientras que el conjunto santafesino se mantuvo en zona de clasificaci\u00f3n.<\/p>\n<\/div>\n<\/article>\n<article id=\"article-post\">\n<div class=\"cuerpo\" data-twitter-link=\"#TWEMBEDLINK#\">\n<p id=\"p-1777334258675-37065\"><strong>En el desarrollo, V\u00e9lez golpe\u00f3 primero, a los 10 minutos, gracias a un gol de taco de Flori\u00e1n Monz\u00f3n<\/strong>\u00a0tras un centro de Vald\u00e9z en una jugada que naci\u00f3 de un contraataque. Sin embargo,\u00a0<strong>Uni\u00f3n reaccion\u00f3 r\u00e1pido y lleg\u00f3 al empate a los 15&#8242; a trav\u00e9s de Juli\u00e1n Palacios<\/strong>\u00a0que conect\u00f3 un centro atr\u00e1s desde la izquierda de Palavecino.<\/p>\n<\/div>\n<\/article>\n<article id=\"article-post\">\n<div class=\"cuerpo\" data-twitter-link=\"#TWEMBEDLINK#\">\n<p id=\"p-1777337278413-75557\">Antes del cierre del primer tiempo,\u00a0<strong>el Fort\u00edn volvi\u00f3 a ponerse en ventaja con un penal convertido por Monz\u00f3n<\/strong>, que firm\u00f3 su doblete en una primera mitad intensa. De esta manera, se fue 2 a 1 arriba al entretiempo y con la ilusi\u00f3n de matar el partido en la segunda mitad.<\/p>\n<\/div>\n<\/article>\n<article id=\"article-post\">\n<div class=\"cuerpo\" data-twitter-link=\"#TWEMBEDLINK#\">\n<p id=\"p-1777334258675-27994\">Y, en el complemento, el equipo de Liniers tuvo chances para ampliar la diferencia, pero no logr\u00f3 concretarlas.\u00a0<strong>Uni\u00f3n, en cambio, encontr\u00f3 el empate a los 22&#8242; por medio de Agust\u00edn Colazo,\u00a0<\/strong>que conect\u00f3 de palomita tras un centro de Vargas y marc\u00f3 el 2-2 definitivo.<\/p>\n<\/div>\n<\/article>\n<article id=\"article-post\">\n<div class=\"cuerpo\" data-twitter-link=\"#TWEMBEDLINK#\">\n<p id=\"p-1777337337492-38599\">El cierre fue caliente, con V\u00e9lez buscando el triunfo pero condicionado por la expulsi\u00f3n de Lucas Robertone en tiempo de descuento. El empate dej\u00f3 al Fort\u00edn en el tercer puesto aunque ya clasificado. En cambio\u00a0<strong>el Tatengue deber\u00e1 ganar en la \u00faltima fecha ante Talleres y esperar un resultado favorable en el duelo entre San Lorenzo e Independiente<\/strong>, que se mantienen en la lucha por meterse entre los ocho clasificados.<\/p>\n<p id=\"p-1777337032074-36592\">El resumen de V\u00e9lez 2-2 Uni\u00f3n<\/p>\n<div id=\"embed51_wrap\" class=\"embed_cont type_freetext\" contenteditable=\"false\">\n<div id=\"embed51_content\" class=\"embed_content\">\n<div id=\"embed51_embed\"><iframe loading=\"lazy\" title=\"V\u00c9LEZ IGUAL\u00d3 CON UNI\u00d3N Y NO PUDO LLEGAR A LA PUNTA DE LA ZONA A | V\u00e9lez 2-2 Uni\u00f3n | RESUMEN\" src=\"https:\/\/www.youtube.com\/embed\/j5GXVDju8QI\" width=\"839\" height=\"472\" frameborder=\"0\" allowfullscreen=\"allowfullscreen\" data-gtm-yt-inspected-15=\"true\" data-mce-fragment=\"1\"><\/iframe><\/div>\n<\/div>\n<div id=\"p-1777334897113-19646\" class=\"embed_wrapper-cont\">\n<div id=\"embed51_epigrafe\" class=\"embed_epigrafe\"><\/div>\n<\/div>\n<\/div>\n<\/div>\n<\/article>\n","protected":false},"excerpt":{"rendered":"<p>V\u00e9lez igual\u00f3 2 a 2 con Uni\u00f3n en el Jos\u00e9 Amalfitani y dej\u00f3 escapar la oportunidad de alcanzar la cima<\/p>\n","protected":false},"author":1,"featured_media":31032,"comment_status":"closed","ping_status":"closed","sticky":false,"template":"","format":"standard","meta":{"footnotes":"","jetpack_publicize_message":"","jetpack_publicize_feature_enabled":true,"jetpack_social_post_already_shared":true,"jetpack_social_options":{"image_generator_settings":{"template":"highway","enabled":false},"version":2}},"categories":[9],"tags":[],"class_list":["post-31031","post","type-post","status-publish","format-standard","has-post-thumbnail","hentry","category-deportes"],"jetpack_publicize_connections":[],"_links":{"self":[{"href":"https:\/\/diariorepublica.com.ar\/web\/index.php\/wp-json\/wp\/v2\/posts\/31031"}],"collection":[{"href":"https:\/\/diariorepublica.com.ar\/web\/index.php\/wp-json\/wp\/v2\/posts"}],"about":[{"href":"https:\/\/diariorepublica.com.ar\/web\/index.php\/wp-json\/wp\/v2\/types\/post"}],"author":[{"embeddable":true,"href":"https:\/\/diariorepublica.com.ar\/web\/index.php\/wp-json\/wp\/v2\/users\/1"}],"replies":[{"embeddable":true,"href":"https:\/\/diariorepublica.com.ar\/web\/index.php\/wp-json\/wp\/v2\/comments?post=31031"}],"version-history":[{"count":1,"href":"https:\/\/diariorepublica.com.ar\/web\/index.php\/wp-json\/wp\/v2\/posts\/31031\/revisions"}],"predecessor-version":[{"id":31033,"href":"https:\/\/diariorepublica.com.ar\/web\/index.php\/wp-json\/wp\/v2\/posts\/31031\/revisions\/31033"}],"wp:featuredmedia":[{"embeddable":true,"href":"https:\/\/diariorepublica.com.ar\/web\/index.php\/wp-json\/wp\/v2\/media\/31032"}],"wp:attachment":[{"href":"https:\/\/diariorepublica.com.ar\/web\/index.php\/wp-json\/wp\/v2\/media?parent=31031"}],"wp:term":[{"taxonomy":"category","embeddable":true,"href":"https:\/\/diariorepublica.com.ar\/web\/index.php\/wp-json\/wp\/v2\/categories?post=31031"},{"taxonomy":"post_tag","embeddable":true,"href":"https:\/\/diariorepublica.com.ar\/web\/index.php\/wp-json\/wp\/v2\/tags?post=31031"}],"curies":[{"name":"wp","href":"https:\/\/api.w.org\/{rel}","templated":true}]}}