{"id":31037,"date":"2026-04-28T07:52:16","date_gmt":"2026-04-28T10:52:16","guid":{"rendered":"https:\/\/diariorepublica.com.ar\/web\/?p=31037"},"modified":"2026-04-28T07:52:18","modified_gmt":"2026-04-28T10:52:18","slug":"ubeda-palpito-el-duelo-con-cruzeiro-tenemos-que-ser-inteligentes","status":"publish","type":"post","link":"https:\/\/diariorepublica.com.ar\/web\/index.php\/deportes\/2026\/04\/28\/ubeda-palpito-el-duelo-con-cruzeiro-tenemos-que-ser-inteligentes\/","title":{"rendered":"\u00dabeda palpit\u00f3 el duelo con Cruzeiro: \u00abTenemos que ser inteligentes\u00bb"},"content":{"rendered":"<article id=\"article-post\" class=\"first\">\n<div class=\"cuerpo\" data-twitter-link=\"https:\/\/twitter.com\/intent\/tweet?url=https:\/\/www.diariopopular.com.ar\/c897628&amp;via=poopulardiario&amp;related=Popular&amp;text=\">\n<p id=\"p-1777338751206-97762\"><strong>Claudio \u00dabeda habl\u00f3 en la previa de su primer partido como entrenador de Boca en Brasil<\/strong>, que se desarrollar\u00e1 este martes cuando enfrente a Cruzeiro por la Copa Libertadores.\u00a0<strong>\u201cTenemos que ser inteligentes para aprovechar las chances\u201d<\/strong>, asegur\u00f3 el DT al llegar al hotel en Belo Horizonte.<\/p>\n<\/div>\n<\/article>\n<article id=\"article-post\">\n<div class=\"cuerpo\" data-twitter-link=\"#TWEMBEDLINK#\">\n<p id=\"p-1777338751206-68805\">En su an\u00e1lisis del rival, el entrenador remarc\u00f3 el nivel del conjunto brasile\u00f1o y las dificultades propias de jugar como visitante.\u00a0<strong>\u201cEs un equipo de jerarqu\u00eda, con jugadores importantes\u201d<\/strong>, explic\u00f3 y agreg\u00f3:\u00a0<strong>\u201cJugar Copa Libertadores es tener en cuenta que las dificultades como visitante se te pueden presentar y ten\u00e9s que saber c\u00f3mo enfrentarlas\u201d<\/strong>. En ese sentido, insisti\u00f3 en la necesidad de sostener el orden para competir.<\/p>\n<\/div>\n<\/article>\n<article id=\"article-post\">\n<div class=\"cuerpo\" data-twitter-link=\"#TWEMBEDLINK#\">\n<div id=\"embed0_wrap\" class=\"embed_cont type_freetext\" contenteditable=\"false\">\n<div id=\"embed0_content\" class=\"embed_content\">\n<div id=\"embed0_embed\">\n<div class=\"twitter-tweet twitter-tweet-rendered\"><iframe id=\"twitter-widget-0\" class=\"\" title=\"X Post\" src=\"https:\/\/platform.twitter.com\/embed\/Tweet.html?creatorScreenName=diariopopular&amp;dnt=false&amp;embedId=twitter-widget-0&amp;features=eyJ0ZndfdGltZWxpbmVfbGlzdCI6eyJidWNrZXQiOltdLCJ2ZXJzaW9uIjpudWxsfSwidGZ3X2ZvbGxvd2VyX2NvdW50X3N1bnNldCI6eyJidWNrZXQiOnRydWUsInZlcnNpb24iOm51bGx9LCJ0ZndfdHdlZXRfZWRpdF9iYWNrZW5kIjp7ImJ1Y2tldCI6Im9uIiwidmVyc2lvbiI6bnVsbH0sInRmd19yZWZzcmNfc2Vzc2lvbiI6eyJidWNrZXQiOiJvbiIsInZlcnNpb24iOm51bGx9LCJ0ZndfZm9zbnJfc29mdF9pbnRlcnZlbnRpb25zX2VuYWJsZWQiOnsiYnVja2V0Ijoib24iLCJ2ZXJzaW9uIjpudWxsfSwidGZ3X21peGVkX21lZGlhXzE1ODk3Ijp7ImJ1Y2tldCI6InRyZWF0bWVudCIsInZlcnNpb24iOm51bGx9LCJ0ZndfZXhwZXJpbWVudHNfY29va2llX2V4cGlyYXRpb24iOnsiYnVja2V0IjoxMjA5NjAwLCJ2ZXJzaW9uIjpudWxsfSwidGZ3X3Nob3dfYmlyZHdhdGNoX3Bpdm90c19lbmFibGVkIjp7ImJ1Y2tldCI6Im9uIiwidmVyc2lvbiI6bnVsbH0sInRmd19kdXBsaWNhdGVfc2NyaWJlc190b19zZXR0aW5ncyI6eyJidWNrZXQiOiJvbiIsInZlcnNpb24iOm51bGx9LCJ0ZndfdXNlX3Byb2ZpbGVfaW1hZ2Vfc2hhcGVfZW5hYmxlZCI6eyJidWNrZXQiOiJvbiIsInZlcnNpb24iOm51bGx9LCJ0ZndfdmlkZW9faGxzX2R5bmFtaWNfbWFuaWZlc3RzXzE1MDgyIjp7ImJ1Y2tldCI6InRydWVfYml0cmF0ZSIsInZlcnNpb24iOm51bGx9LCJ0ZndfbGVnYWN5X3RpbWVsaW5lX3N1bnNldCI6eyJidWNrZXQiOnRydWUsInZlcnNpb24iOm51bGx9LCJ0ZndfdHdlZXRfZWRpdF9mcm9udGVuZCI6eyJidWNrZXQiOiJvbiIsInZlcnNpb24iOm51bGx9fQ%3D%3D&amp;frame=false&amp;hideCard=false&amp;hideThread=false&amp;id=2048900601883357318&amp;lang=en&amp;origin=https%3A%2F%2Fwww.diariopopular.com.ar%2Ffutbol%2Fclaudio-ubeda-palpito-el-duelo-cruzeiro-tenemos-que-ser-inteligentes-n897628&amp;sessionId=b7bf486c5e950561c3e6514bc22b182e98e23580&amp;siteScreenName=diariopopular&amp;theme=light&amp;widgetsVersion=2615f7e52b7e0%3A1702314776716&amp;width=550px\" frameborder=\"0\" scrolling=\"no\" allowfullscreen=\"allowfullscreen\" data-tweet-id=\"2048900601883357318\" data-gtm-yt-inspected-13=\"true\" data-mce-fragment=\"1\"><\/iframe><\/div>\n<\/div>\n<\/div>\n<div class=\"embed_wrapper-cont\">\n<div id=\"embed0_epigrafe\" class=\"embed_epigrafe\"><\/div>\n<div id=\"embed0_copyright\" class=\"embed_copyright\"><\/div>\n<\/div>\n<\/div>\n<\/div>\n<\/article>\n<article id=\"article-post\">\n<div class=\"cuerpo\" data-twitter-link=\"#TWEMBEDLINK#\">\n<p id=\"p-1777338751206-28758\">\u00dabeda tambi\u00e9n destac\u00f3 la competencia interna dentro del plantel y el impacto positivo en el rendimiento.\u00a0<strong>\u201cNos hemos ido encontrando con un grupo de chicos que todos quieren competir, estar en el 11\u201d<\/strong>, se\u00f1al\u00f3 y valor\u00f3 el clima de trabajo: \u201cHay que mantener la cabeza fr\u00eda y ser pragm\u00e1ticos\u201d. Adem\u00e1s, resalt\u00f3 el apoyo de los hinchas en condici\u00f3n de visitante:\u00a0<strong>\u201cSentimos much\u00edsimo el apoyo de la gente\u2026 ma\u00f1ana va a pasar lo mismo y es muy importante\u201d.<\/strong><\/p>\n<\/div>\n<\/article>\n<article id=\"article-post\">\n<div class=\"cuerpo\" data-twitter-link=\"#TWEMBEDLINK#\">\n<p id=\"p-1777338751206-66169\"><strong>Por \u00faltimo, evit\u00f3 definiciones rutilantes sobre el rol de Boca en la competencia<\/strong>. Ante la consulta sobre si es candidato, respondi\u00f3 sin rodeos:\u00a0<strong>\u201cNo, no, no soy quien, no me quieras sacar t\u00edtulos que no quiero decir\u201d.\u00a0<\/strong>Aunque aclar\u00f3: \u201cTenemos que entender que somos un equipo protagonista\u201d.<\/p>\n<\/div>\n<\/article>\n","protected":false},"excerpt":{"rendered":"<p>Claudio \u00dabeda habl\u00f3 en la previa de su primer partido como entrenador de Boca en Brasil, que se desarrollar\u00e1 este<\/p>\n","protected":false},"author":1,"featured_media":31038,"comment_status":"closed","ping_status":"closed","sticky":false,"template":"","format":"standard","meta":{"footnotes":"","jetpack_publicize_message":"","jetpack_publicize_feature_enabled":true,"jetpack_social_post_already_shared":true,"jetpack_social_options":{"image_generator_settings":{"template":"highway","enabled":false},"version":2}},"categories":[9],"tags":[],"class_list":["post-31037","post","type-post","status-publish","format-standard","has-post-thumbnail","hentry","category-deportes"],"jetpack_publicize_connections":[],"_links":{"self":[{"href":"https:\/\/diariorepublica.com.ar\/web\/index.php\/wp-json\/wp\/v2\/posts\/31037"}],"collection":[{"href":"https:\/\/diariorepublica.com.ar\/web\/index.php\/wp-json\/wp\/v2\/posts"}],"about":[{"href":"https:\/\/diariorepublica.com.ar\/web\/index.php\/wp-json\/wp\/v2\/types\/post"}],"author":[{"embeddable":true,"href":"https:\/\/diariorepublica.com.ar\/web\/index.php\/wp-json\/wp\/v2\/users\/1"}],"replies":[{"embeddable":true,"href":"https:\/\/diariorepublica.com.ar\/web\/index.php\/wp-json\/wp\/v2\/comments?post=31037"}],"version-history":[{"count":1,"href":"https:\/\/diariorepublica.com.ar\/web\/index.php\/wp-json\/wp\/v2\/posts\/31037\/revisions"}],"predecessor-version":[{"id":31039,"href":"https:\/\/diariorepublica.com.ar\/web\/index.php\/wp-json\/wp\/v2\/posts\/31037\/revisions\/31039"}],"wp:featuredmedia":[{"embeddable":true,"href":"https:\/\/diariorepublica.com.ar\/web\/index.php\/wp-json\/wp\/v2\/media\/31038"}],"wp:attachment":[{"href":"https:\/\/diariorepublica.com.ar\/web\/index.php\/wp-json\/wp\/v2\/media?parent=31037"}],"wp:term":[{"taxonomy":"category","embeddable":true,"href":"https:\/\/diariorepublica.com.ar\/web\/index.php\/wp-json\/wp\/v2\/categories?post=31037"},{"taxonomy":"post_tag","embeddable":true,"href":"https:\/\/diariorepublica.com.ar\/web\/index.php\/wp-json\/wp\/v2\/tags?post=31037"}],"curies":[{"name":"wp","href":"https:\/\/api.w.org\/{rel}","templated":true}]}}