{"id":31043,"date":"2026-04-28T08:21:59","date_gmt":"2026-04-28T11:21:59","guid":{"rendered":"https:\/\/diariorepublica.com.ar\/web\/?p=31043"},"modified":"2026-04-28T08:22:00","modified_gmt":"2026-04-28T11:22:00","slug":"gladys-la-bomba-tucumana-entro-a-la-casa-de-gran-hermano-generacion-dorada","status":"publish","type":"post","link":"https:\/\/diariorepublica.com.ar\/web\/index.php\/espectaculos\/2026\/04\/28\/gladys-la-bomba-tucumana-entro-a-la-casa-de-gran-hermano-generacion-dorada\/","title":{"rendered":"Gladys La Bomba Tucumana entr\u00f3 a la casa de Gran Hermano Generaci\u00f3n Dorada"},"content":{"rendered":"<article id=\"article-post\" class=\"first\">\n<div class=\"cuerpo\" data-twitter-link=\"https:\/\/twitter.com\/intent\/tweet?url=https:\/\/www.diariopopular.com.ar\/c897664&amp;via=poopulardiario&amp;related=Popular&amp;text=\">\n<p id=\"p-1777350650394-93873\">El lunes 27 de abril,\u00a0<strong>Gladys Nelly del Carmen Jim\u00e9nez<\/strong>, m\u00e1s conocida como\u00a0<strong>La Bomba Tucumana<\/strong>, ingres\u00f3 a la casa de\u00a0<strong>Gran Hermano Generaci\u00f3n Dorada<\/strong>\u00a0en reemplazo de la La Maciel, la \u00faltima participante que decidi\u00f3 abandonar el juego hace -exactamente- una semana. La popular cantante de cumbia -de 61 a\u00f1os- anticip\u00f3 que va a a ir por todo en esta competencia, manteniendo un perfil alto.<\/p>\n<\/div>\n<\/article>\n<article id=\"article-post\">\n<div class=\"cuerpo\" data-twitter-link=\"#TWEMBEDLINK#\">\n<p id=\"p-1777350936531-79074\"><strong>\u201cMi mirada y mi sonrisa son todo en m\u00ed. En mi vida como Gladys y en mi vida como artista\u201d\u00a0<\/strong>asegur\u00f3 en su video de presentaci\u00f3n, musicalizado con su ic\u00f3nica canci\u00f3n\u00a0<strong>\u00abLa pollera amarilla\u00bb<\/strong><\/p>\n<article id=\"article-post\">\n<div class=\"cuerpo\" data-twitter-link=\"#TWEMBEDLINK#\">\n<p id=\"p-1777351319680-21875\"><strong>\u201cQuiz\u00e1s hay gente que todav\u00eda no me conoce como persona. Siempre digo que la gente que habla sin saber es porque no me conoce\u201d<\/strong>\u00a0asegur\u00f3\u00a0<strong>La bomba Tucumana<\/strong>, que tiene experiencia en diferentes tipos de realities televisivos, como el<strong>\u00a0\u00abBailando\u00bb -2017-\u00a0<\/strong>y el \u00ab<strong>Cantando por un sue\u00f1o\u00bb\u00a0<\/strong>-2020-.<\/p>\n<\/div>\n<\/article>\n<article id=\"article-post\">\n<div class=\"cuerpo\" data-twitter-link=\"#TWEMBEDLINK#\">\n<p id=\"p-1777351587069-14204\"><strong>\u201cMe gusta limpiar, lavar, cocinar y la casa. Todav\u00eda tengo sue\u00f1os y voy por ellos\u201d<\/strong>\u00a0asegur\u00f3 la cantante tropical, que a fines de la d\u00e9cada de los &#8217;80, salt\u00f3 a la fama como una de las primeras mujeres en ser cantante de cumbia y se transform\u00f3 en una referente indiscutida.<\/p>\n<p id=\"p-1777351828704-83473\">Antes de entrar,\u00a0<strong>Gladys<\/strong>\u00a0mantuvo una breve charla con\u00a0<strong>Santiago del Moro<\/strong>\u00a0y prometi\u00f3\u00a0<strong>\u00abbrindar show\u201d\u00a0<\/strong>en una reality que, a juzgar por la repercusi\u00f3n que esta teniendo, lo necesita. En su ingreso, la cantante tucumana cumpli\u00f3 con creces cuando revolucion\u00f3 la tranquilidad de la casa con su versi\u00f3n de\u00a0<strong>\u00abVivir as\u00ed es morir de amor\u00bb<\/strong>\u00a0el tema de\u00a0<strong>Camilo Sesto<\/strong>\u00a0que populariz\u00f3\u00a0<strong>Nathy Peluso<\/strong>\u00a0en los \u00faltimos a\u00f1os.<\/p>\n<p id=\"p-1777351828704-77023\"><strong>\u201cVamos que lleg\u00f3 la alegr\u00eda a esta casa. Les tengo que decir dos cosas: les traje mis empanadas y algo m\u00e1s\u2026\u201d<\/strong>\u00a0les anunci\u00f3\u00a0<strong>La bomba tucumana<\/strong>\u00a0a sus nuevos compa\u00f1eros, antes de mostrarles su valija que estaba escondida detr\u00e1s de la puerta.<\/p>\n<\/div>\n<\/article>\n<\/div>\n<\/article>\n","protected":false},"excerpt":{"rendered":"<p>El lunes 27 de abril,\u00a0Gladys Nelly del Carmen Jim\u00e9nez, m\u00e1s conocida como\u00a0La Bomba Tucumana, ingres\u00f3 a la casa de\u00a0Gran Hermano<\/p>\n","protected":false},"author":1,"featured_media":31044,"comment_status":"closed","ping_status":"closed","sticky":false,"template":"","format":"standard","meta":{"footnotes":"","jetpack_publicize_message":"","jetpack_publicize_feature_enabled":true,"jetpack_social_post_already_shared":true,"jetpack_social_options":{"image_generator_settings":{"template":"highway","enabled":false},"version":2}},"categories":[7],"tags":[],"class_list":["post-31043","post","type-post","status-publish","format-standard","has-post-thumbnail","hentry","category-espectaculos"],"jetpack_publicize_connections":[],"_links":{"self":[{"href":"https:\/\/diariorepublica.com.ar\/web\/index.php\/wp-json\/wp\/v2\/posts\/31043"}],"collection":[{"href":"https:\/\/diariorepublica.com.ar\/web\/index.php\/wp-json\/wp\/v2\/posts"}],"about":[{"href":"https:\/\/diariorepublica.com.ar\/web\/index.php\/wp-json\/wp\/v2\/types\/post"}],"author":[{"embeddable":true,"href":"https:\/\/diariorepublica.com.ar\/web\/index.php\/wp-json\/wp\/v2\/users\/1"}],"replies":[{"embeddable":true,"href":"https:\/\/diariorepublica.com.ar\/web\/index.php\/wp-json\/wp\/v2\/comments?post=31043"}],"version-history":[{"count":1,"href":"https:\/\/diariorepublica.com.ar\/web\/index.php\/wp-json\/wp\/v2\/posts\/31043\/revisions"}],"predecessor-version":[{"id":31045,"href":"https:\/\/diariorepublica.com.ar\/web\/index.php\/wp-json\/wp\/v2\/posts\/31043\/revisions\/31045"}],"wp:featuredmedia":[{"embeddable":true,"href":"https:\/\/diariorepublica.com.ar\/web\/index.php\/wp-json\/wp\/v2\/media\/31044"}],"wp:attachment":[{"href":"https:\/\/diariorepublica.com.ar\/web\/index.php\/wp-json\/wp\/v2\/media?parent=31043"}],"wp:term":[{"taxonomy":"category","embeddable":true,"href":"https:\/\/diariorepublica.com.ar\/web\/index.php\/wp-json\/wp\/v2\/categories?post=31043"},{"taxonomy":"post_tag","embeddable":true,"href":"https:\/\/diariorepublica.com.ar\/web\/index.php\/wp-json\/wp\/v2\/tags?post=31043"}],"curies":[{"name":"wp","href":"https:\/\/api.w.org\/{rel}","templated":true}]}}