{"id":31046,"date":"2026-04-28T16:22:00","date_gmt":"2026-04-28T19:22:00","guid":{"rendered":"https:\/\/diariorepublica.com.ar\/web\/?p=31046"},"modified":"2026-04-28T08:29:05","modified_gmt":"2026-04-28T11:29:05","slug":"educacion-realizara-la-3-asamblea-ordinaria-para-la-cobertura-de-cargos-docentes-en-nivel-inicial-y-primario","status":"publish","type":"post","link":"https:\/\/diariorepublica.com.ar\/web\/index.php\/locales\/2026\/04\/28\/educacion-realizara-la-3-asamblea-ordinaria-para-la-cobertura-de-cargos-docentes-en-nivel-inicial-y-primario\/","title":{"rendered":"Educaci\u00f3n realizar\u00e1 la 3\u00b0 Asamblea Ordinaria para la cobertura de cargos docentes en Nivel Inicial y Primario"},"content":{"rendered":"<p>El sistema educativo provincial se prepara para una nueva instancia organizativa con la realizaci\u00f3n de la\u00a0<strong>3\u00b0 Asamblea Ordinaria de Opci\u00f3n para la Cobertura de Cargos Interinos y\/o Suplentes<\/strong>, una convocatoria que abarca a instituciones de distintos niveles y modalidades.<\/p>\n<p>La jornada se desarrollar\u00e1 el\u00a0<strong>mi\u00e9rcoles 29 de abril<\/strong>, a partir de las\u00a0<strong>08:00 horas<\/strong>, y tendr\u00e1 lugar en las\u00a0<strong>escuelas cabeceras departamentales<\/strong>, espacios definidos para centralizar el proceso en cada jurisdicci\u00f3n. Esta instancia se presenta como un momento relevante dentro del calendario educativo, ya que permite ordenar y garantizar la cobertura de cargos docentes necesarios para el normal funcionamiento de las instituciones.<\/p>\n<p>La convocatoria est\u00e1 dirigida espec\u00edficamente a los niveles: <strong>Inicial, <\/strong><strong>Primario, <\/strong><strong>Especial y <\/strong><strong>Adulto primario<\/strong><\/p>\n<p>Este alcance evidencia la amplitud del proceso, que busca dar respuesta a las necesidades de distintas modalidades educativas en todo el territorio provincial.<\/p>\n<p>La\u00a0<strong>cobertura de cargos interinos y\/o suplentes<\/strong>\u00a0constituye un mecanismo fundamental dentro del sistema educativo, ya que permite reemplazar vacantes temporales o cubrir funciones que requieren continuidad pedag\u00f3gica. En este sentido, la asamblea se configura como un espacio formal donde se concretan estas designaciones bajo criterios establecidos.<\/p>\n<p>El hecho de que la actividad se realice en\u00a0<strong>escuelas cabeceras departamentales<\/strong>\u00a0responde a una l\u00f3gica de organizaci\u00f3n territorial que facilita la participaci\u00f3n de los docentes en cada departamento. De este modo, se descentraliza el proceso y se acerca la instancia de decisi\u00f3n a los actores involucrados en cada comunidad educativa.<\/p>\n<p>De manera excepcional, en el departamento La Paz, la asamblea se realizar\u00e1 en el Sal\u00f3n Municipal de Recreo, en el mismo horario previsto para el resto de los departamentos.<\/p>\n<p>Entre los aspectos t\u00e9cnicos de la convocatoria se destacan:<\/p>\n<p><strong>Fecha:<\/strong>\u00a0mi\u00e9rcoles 29 de abril<\/p>\n<p><strong>Horario:<\/strong>\u00a0desde las 08:00 horas<\/p>\n<p><strong>Lugar:<\/strong>\u00a0escuelas cabeceras departamentales<\/p>\n<p><strong>Modalidad:<\/strong>\u00a0asamblea ordinaria de opci\u00f3n<\/p>\n<p><strong>Objetivo:<\/strong>\u00a0cobertura de cargos interinos y\/o suplentes<\/p>\n<p>Estos elementos permiten estructurar el proceso y garantizar que los participantes cuenten con la informaci\u00f3n necesaria para su desarrollo.<\/p>\n<p>Desde el \u00e1mbito educativo, esta convocatoria es presentada como\u00a0<strong>una nueva oportunidad para fortalecer el sistema educativo<\/strong>\u00a0en cada uno de los departamentos de la provincia. La posibilidad de cubrir cargos vacantes no solo impacta en la organizaci\u00f3n institucional, sino tambi\u00e9n en la continuidad de los procesos de ense\u00f1anza y aprendizaje.<\/p>\n<p>Asimismo, la asamblea busca\u00a0<strong>acompa\u00f1ar el trabajo docente<\/strong>, generando condiciones para que las instituciones cuenten con el personal necesario para sostener sus actividades. En este marco, la designaci\u00f3n de docentes interinos o suplentes se vuelve una herramienta clave para dar respuesta a las demandas cotidianas del sistema.<\/p>\n","protected":false},"excerpt":{"rendered":"<p>El sistema educativo provincial se prepara para una nueva instancia organizativa con la realizaci\u00f3n de la\u00a03\u00b0 Asamblea Ordinaria de Opci\u00f3n<\/p>\n","protected":false},"author":1,"featured_media":31048,"comment_status":"closed","ping_status":"closed","sticky":false,"template":"","format":"standard","meta":{"footnotes":"","jetpack_publicize_message":"","jetpack_publicize_feature_enabled":true,"jetpack_social_post_already_shared":true,"jetpack_social_options":{"image_generator_settings":{"template":"highway","enabled":false},"version":2}},"categories":[2],"tags":[],"class_list":["post-31046","post","type-post","status-publish","format-standard","has-post-thumbnail","hentry","category-locales"],"jetpack_publicize_connections":[],"_links":{"self":[{"href":"https:\/\/diariorepublica.com.ar\/web\/index.php\/wp-json\/wp\/v2\/posts\/31046"}],"collection":[{"href":"https:\/\/diariorepublica.com.ar\/web\/index.php\/wp-json\/wp\/v2\/posts"}],"about":[{"href":"https:\/\/diariorepublica.com.ar\/web\/index.php\/wp-json\/wp\/v2\/types\/post"}],"author":[{"embeddable":true,"href":"https:\/\/diariorepublica.com.ar\/web\/index.php\/wp-json\/wp\/v2\/users\/1"}],"replies":[{"embeddable":true,"href":"https:\/\/diariorepublica.com.ar\/web\/index.php\/wp-json\/wp\/v2\/comments?post=31046"}],"version-history":[{"count":1,"href":"https:\/\/diariorepublica.com.ar\/web\/index.php\/wp-json\/wp\/v2\/posts\/31046\/revisions"}],"predecessor-version":[{"id":31049,"href":"https:\/\/diariorepublica.com.ar\/web\/index.php\/wp-json\/wp\/v2\/posts\/31046\/revisions\/31049"}],"wp:featuredmedia":[{"embeddable":true,"href":"https:\/\/diariorepublica.com.ar\/web\/index.php\/wp-json\/wp\/v2\/media\/31048"}],"wp:attachment":[{"href":"https:\/\/diariorepublica.com.ar\/web\/index.php\/wp-json\/wp\/v2\/media?parent=31046"}],"wp:term":[{"taxonomy":"category","embeddable":true,"href":"https:\/\/diariorepublica.com.ar\/web\/index.php\/wp-json\/wp\/v2\/categories?post=31046"},{"taxonomy":"post_tag","embeddable":true,"href":"https:\/\/diariorepublica.com.ar\/web\/index.php\/wp-json\/wp\/v2\/tags?post=31046"}],"curies":[{"name":"wp","href":"https:\/\/api.w.org\/{rel}","templated":true}]}}