{"id":31050,"date":"2026-04-28T11:12:30","date_gmt":"2026-04-28T14:12:30","guid":{"rendered":"https:\/\/diariorepublica.com.ar\/web\/?p=31050"},"modified":"2026-04-28T11:12:31","modified_gmt":"2026-04-28T14:12:31","slug":"cronograma-de-pago-de-abril-para-la-administracion-publica-y-docentes","status":"publish","type":"post","link":"https:\/\/diariorepublica.com.ar\/web\/index.php\/locales\/2026\/04\/28\/cronograma-de-pago-de-abril-para-la-administracion-publica-y-docentes\/","title":{"rendered":"Cronograma de pago de abril para la administraci\u00f3n p\u00fablica y docentes"},"content":{"rendered":"<p>El Ministerio de Hacienda y Obras P\u00fablicas de la provincia inform\u00f3 el calendario de acreditaci\u00f3n de los sueldos correspondientes al mes de abril de 2026 para los trabajadores estatales.<\/p>\n<p>De acuerdo a lo comunicado oficialmente, los haberes se depositar\u00e1n en dos jornadas consecutivas. En primer lugar, el mi\u00e9rcoles 6 de mayo cobrar\u00e1n los empleados de la Administraci\u00f3n P\u00fablica Provincial.<\/p>\n<p>En tanto, el jueves 7 de mayo ser\u00e1 el turno de los docentes, completando as\u00ed el cronograma previsto por la cartera econ\u00f3mica.<\/p>\n<p>Desde el organismo indicaron que los salarios estar\u00e1n disponibles a trav\u00e9s de los medios habituales de cobro, permitiendo a los agentes estatales acceder a sus haberes seg\u00fan el esquema establecido.<\/p>\n","protected":false},"excerpt":{"rendered":"<p>El Ministerio de Hacienda y Obras P\u00fablicas de la provincia inform\u00f3 el calendario de acreditaci\u00f3n de los sueldos correspondientes al<\/p>\n","protected":false},"author":1,"featured_media":31051,"comment_status":"closed","ping_status":"closed","sticky":false,"template":"","format":"standard","meta":{"footnotes":"","jetpack_publicize_message":"","jetpack_publicize_feature_enabled":true,"jetpack_social_post_already_shared":true,"jetpack_social_options":{"image_generator_settings":{"template":"highway","enabled":false},"version":2}},"categories":[2],"tags":[],"class_list":["post-31050","post","type-post","status-publish","format-standard","has-post-thumbnail","hentry","category-locales"],"jetpack_publicize_connections":[],"_links":{"self":[{"href":"https:\/\/diariorepublica.com.ar\/web\/index.php\/wp-json\/wp\/v2\/posts\/31050"}],"collection":[{"href":"https:\/\/diariorepublica.com.ar\/web\/index.php\/wp-json\/wp\/v2\/posts"}],"about":[{"href":"https:\/\/diariorepublica.com.ar\/web\/index.php\/wp-json\/wp\/v2\/types\/post"}],"author":[{"embeddable":true,"href":"https:\/\/diariorepublica.com.ar\/web\/index.php\/wp-json\/wp\/v2\/users\/1"}],"replies":[{"embeddable":true,"href":"https:\/\/diariorepublica.com.ar\/web\/index.php\/wp-json\/wp\/v2\/comments?post=31050"}],"version-history":[{"count":1,"href":"https:\/\/diariorepublica.com.ar\/web\/index.php\/wp-json\/wp\/v2\/posts\/31050\/revisions"}],"predecessor-version":[{"id":31052,"href":"https:\/\/diariorepublica.com.ar\/web\/index.php\/wp-json\/wp\/v2\/posts\/31050\/revisions\/31052"}],"wp:featuredmedia":[{"embeddable":true,"href":"https:\/\/diariorepublica.com.ar\/web\/index.php\/wp-json\/wp\/v2\/media\/31051"}],"wp:attachment":[{"href":"https:\/\/diariorepublica.com.ar\/web\/index.php\/wp-json\/wp\/v2\/media?parent=31050"}],"wp:term":[{"taxonomy":"category","embeddable":true,"href":"https:\/\/diariorepublica.com.ar\/web\/index.php\/wp-json\/wp\/v2\/categories?post=31050"},{"taxonomy":"post_tag","embeddable":true,"href":"https:\/\/diariorepublica.com.ar\/web\/index.php\/wp-json\/wp\/v2\/tags?post=31050"}],"curies":[{"name":"wp","href":"https:\/\/api.w.org\/{rel}","templated":true}]}}