{"id":31053,"date":"2026-04-28T12:32:00","date_gmt":"2026-04-28T15:32:00","guid":{"rendered":"https:\/\/diariorepublica.com.ar\/web\/?p=31053"},"modified":"2026-04-28T11:33:15","modified_gmt":"2026-04-28T14:33:15","slug":"la-capital-recibira-a-2-500-profesionales-por-el-torneo-nacional-de-abogados","status":"publish","type":"post","link":"https:\/\/diariorepublica.com.ar\/web\/index.php\/locales\/2026\/04\/28\/la-capital-recibira-a-2-500-profesionales-por-el-torneo-nacional-de-abogados\/","title":{"rendered":"La Capital recibir\u00e1 a 2.500 profesionales por el Torneo Nacional de Abogados"},"content":{"rendered":"<p dir=\"ltr\">El intendente de la Capital, Gustavo Saadi, mantuvo un encuentro institucional con las autoridades del Colegio de Abogados de Catamarca, encabezadas por su presidente, Rafael Santa Cruz, para coordinar acciones ante el inicio del Torneo Nacional de F\u00fatbol de Abogados y Abogadas, que se disputar\u00e1 este a\u00f1o en la ciudad desde el mi\u00e9rcoles 29 de abril al domingo 3 de mayo inclusive.<\/p>\n<p dir=\"ltr\">En este sentido, la vicepresidenta del Colegio, Dra. Susana Saadi, destac\u00f3 el impacto que tendr\u00e1 el evento en la Capital: \u00abRecibiremos a 2.500 jugadores inscriptos, a los que se suman cuerpos t\u00e9cnicos y familiares. Es muy importante para la ciudad y la provincia, por lo que invitamos al intendente no solo como jefe comunal, sino como colega, para que brinde la bienvenida oficial\u00bb.<\/p>\n<p dir=\"ltr\">El certamen que recorre distintas provincias del pa\u00eds todos los a\u00f1os, contar\u00e1 con un despliegue masivo en diversos predios de la ciudad, teniendo como sede principal al Catamarca Rugby Club, adem\u00e1s de los predios del SOEM, Villalobos, y los complejos pertenecientes a los colegios de Contadores y de Odont\u00f3logos de la provincia.<\/p>\n<p dir=\"ltr\">M\u00e1s all\u00e1 de lo deportivo, la reuni\u00f3n permiti\u00f3 fortalecer los v\u00ednculos de gesti\u00f3n. Se ratific\u00f3 la participaci\u00f3n del Colegio de Abogados en el programa \u00abEl Municipio en tu Barrio\u00bb, donde profesionales brindan asesoramiento a trav\u00e9s del Consultorio Jur\u00eddico Gratuito.<\/p>\n<p dir=\"ltr\">Asimismo, se anunci\u00f3 que para el segundo semestre del a\u00f1o se organizar\u00e1n, junto la Secretar\u00eda de Ambiente y Espacios P\u00fablicos del municipio y la Universidad Nacional de Catamarca (UNCA), unas jornadas de capacitaci\u00f3n sobre derecho ambiental y sustentabilidad. \u00abVenimos trabajando en una articulaci\u00f3n sostenida con el municipio, buscando siempre nuevas propuestas que beneficien a los colegas y a la comunidad en general\u00bb, concluy\u00f3 la Dra. Saadi.<\/p>\n<p dir=\"ltr\">Acompa\u00f1aron al intendente en la jornada la vicepresidenta Susana Saadi; la prosecretaria Silvestre Galv\u00e1n; el tesorero Marcos Herrera Basualdo; y los vocales Mar\u00eda Emilia Cesenarro y Gustavo Aparicio.<\/p>\n","protected":false},"excerpt":{"rendered":"<p>El intendente de la Capital, Gustavo Saadi, mantuvo un encuentro institucional con las autoridades del Colegio de Abogados de Catamarca,<\/p>\n","protected":false},"author":1,"featured_media":31054,"comment_status":"closed","ping_status":"closed","sticky":false,"template":"","format":"standard","meta":{"footnotes":"","jetpack_publicize_message":"","jetpack_publicize_feature_enabled":true,"jetpack_social_post_already_shared":true,"jetpack_social_options":{"image_generator_settings":{"template":"highway","enabled":false},"version":2}},"categories":[2],"tags":[],"class_list":["post-31053","post","type-post","status-publish","format-standard","has-post-thumbnail","hentry","category-locales"],"jetpack_publicize_connections":[],"_links":{"self":[{"href":"https:\/\/diariorepublica.com.ar\/web\/index.php\/wp-json\/wp\/v2\/posts\/31053"}],"collection":[{"href":"https:\/\/diariorepublica.com.ar\/web\/index.php\/wp-json\/wp\/v2\/posts"}],"about":[{"href":"https:\/\/diariorepublica.com.ar\/web\/index.php\/wp-json\/wp\/v2\/types\/post"}],"author":[{"embeddable":true,"href":"https:\/\/diariorepublica.com.ar\/web\/index.php\/wp-json\/wp\/v2\/users\/1"}],"replies":[{"embeddable":true,"href":"https:\/\/diariorepublica.com.ar\/web\/index.php\/wp-json\/wp\/v2\/comments?post=31053"}],"version-history":[{"count":1,"href":"https:\/\/diariorepublica.com.ar\/web\/index.php\/wp-json\/wp\/v2\/posts\/31053\/revisions"}],"predecessor-version":[{"id":31055,"href":"https:\/\/diariorepublica.com.ar\/web\/index.php\/wp-json\/wp\/v2\/posts\/31053\/revisions\/31055"}],"wp:featuredmedia":[{"embeddable":true,"href":"https:\/\/diariorepublica.com.ar\/web\/index.php\/wp-json\/wp\/v2\/media\/31054"}],"wp:attachment":[{"href":"https:\/\/diariorepublica.com.ar\/web\/index.php\/wp-json\/wp\/v2\/media?parent=31053"}],"wp:term":[{"taxonomy":"category","embeddable":true,"href":"https:\/\/diariorepublica.com.ar\/web\/index.php\/wp-json\/wp\/v2\/categories?post=31053"},{"taxonomy":"post_tag","embeddable":true,"href":"https:\/\/diariorepublica.com.ar\/web\/index.php\/wp-json\/wp\/v2\/tags?post=31053"}],"curies":[{"name":"wp","href":"https:\/\/api.w.org\/{rel}","templated":true}]}}