{"id":31056,"date":"2026-04-28T11:39:00","date_gmt":"2026-04-28T14:39:00","guid":{"rendered":"https:\/\/diariorepublica.com.ar\/web\/?p=31056"},"modified":"2026-04-28T11:39:02","modified_gmt":"2026-04-28T14:39:02","slug":"spagnuolo-se-nego-a-declarar-en-la-causa-por-presunta-corrupcion-en-la-andis","status":"publish","type":"post","link":"https:\/\/diariorepublica.com.ar\/web\/index.php\/nacionales\/2026\/04\/28\/spagnuolo-se-nego-a-declarar-en-la-causa-por-presunta-corrupcion-en-la-andis\/","title":{"rendered":"Spagnuolo se neg\u00f3 a declarar en la causa por presunta corrupci\u00f3n en la ANDIS"},"content":{"rendered":"<p>La Justicia federal avanza sobre una de las investigaciones por corrupci\u00f3n m\u00e1s resonantes de los \u00faltimos tiempos. El\u00a0<strong>extitular de la\u00a0Agencia Nacional de Discapacidad (Andis), Diego Spagnuolo,\u00a0<\/strong>se present\u00f3 este martes en los tribunales de Comodoro Py, donde fue citado a indagatoria en el marco de la causa que investiga el manejo de fondos del organismo. Ante el juez federal Ariel Lijo y el fiscal Franco Picardi, el exfuncionario opt\u00f3 por no declarar.<\/p>\n<p>Luego es el turno de Daniel Mar\u00eda Garbellini, quien se desempe\u00f1\u00f3 como segundo al mando en el organismo.\u00a0<strong>El cronograma continuar\u00e1 con Miguel \u00c1ngel Calvete y Andr\u00e9s Horacio Arnaudo en las pr\u00f3ximas jornadas.<\/strong><\/p>\n<article class=\"article-body par-4\">\n<div class=\"article-content\">\n<div class=\"news-body-paragraph\" data-twitter-link=\"\">\n<p id=\"p-1777382196948-63672\" data-start=\"1319\" data-end=\"1566\">De acuerdo con la hip\u00f3tesis de los investigadores, varias empresas simulaban competir entre s\u00ed en compulsas de precios, cuando en realidad actuaban coordinadamente para garantizar adjudicaciones previamente pactadas con funcionarios del organismo.<\/p>\n<\/div>\n<\/div>\n<\/article>\n<article class=\"article-body par-5\">\n<div class=\"article-content\">\n<div class=\"news-body-paragraph\" data-twitter-link=\"\">\n<p id=\"p-1777382196948-91288\" data-start=\"1609\" data-end=\"1831\"><strong>La investigaci\u00f3n, impulsada por el fiscal federal Franco Picardi y el titular de la Procuradur\u00eda de Investigaciones Administrativas, Sergio Rodr\u00edguez, detect\u00f3 erogaciones por m\u00e1s de $75.478 millones.<\/strong><\/p>\n<p id=\"p-1777382196948-18630\" data-start=\"1833\" data-end=\"2032\">Seg\u00fan la acusaci\u00f3n, esos fondos p\u00fablicos habr\u00edan beneficiado a un reducido grupo de empresarios vinculados a la provisi\u00f3n de medicamentos, insumos m\u00e9dicos y productos de alto costo y baja incidencia.<\/p>\n<p id=\"p-1777382196948-44791\" data-start=\"2059\" data-end=\"2190\">Ante la magnitud del presunto fraude,<strong>\u00a0Lijo dispuso la inhibici\u00f3n general de bienes de los imputados y de las empresas involucradas.<\/strong><\/p>\n<p id=\"p-1777382196948-88811\" data-start=\"2192\" data-end=\"2370\">La medida busca evitar eventuales maniobras de vaciamiento patrimonial y garantizar la posibilidad de recuperar activos para el Estado en caso de confirmarse las irregularidades.<\/p>\n<p data-start=\"2192\" data-end=\"2370\">a24.com<\/p>\n<\/div>\n<\/div>\n<\/article>\n","protected":false},"excerpt":{"rendered":"<p>La Justicia federal avanza sobre una de las investigaciones por corrupci\u00f3n m\u00e1s resonantes de los \u00faltimos tiempos. El\u00a0extitular de la\u00a0Agencia<\/p>\n","protected":false},"author":1,"featured_media":31057,"comment_status":"closed","ping_status":"closed","sticky":false,"template":"","format":"standard","meta":{"footnotes":"","jetpack_publicize_message":"","jetpack_publicize_feature_enabled":true,"jetpack_social_post_already_shared":true,"jetpack_social_options":{"image_generator_settings":{"template":"highway","enabled":false},"version":2}},"categories":[4],"tags":[],"class_list":["post-31056","post","type-post","status-publish","format-standard","has-post-thumbnail","hentry","category-nacionales"],"jetpack_publicize_connections":[],"_links":{"self":[{"href":"https:\/\/diariorepublica.com.ar\/web\/index.php\/wp-json\/wp\/v2\/posts\/31056"}],"collection":[{"href":"https:\/\/diariorepublica.com.ar\/web\/index.php\/wp-json\/wp\/v2\/posts"}],"about":[{"href":"https:\/\/diariorepublica.com.ar\/web\/index.php\/wp-json\/wp\/v2\/types\/post"}],"author":[{"embeddable":true,"href":"https:\/\/diariorepublica.com.ar\/web\/index.php\/wp-json\/wp\/v2\/users\/1"}],"replies":[{"embeddable":true,"href":"https:\/\/diariorepublica.com.ar\/web\/index.php\/wp-json\/wp\/v2\/comments?post=31056"}],"version-history":[{"count":1,"href":"https:\/\/diariorepublica.com.ar\/web\/index.php\/wp-json\/wp\/v2\/posts\/31056\/revisions"}],"predecessor-version":[{"id":31058,"href":"https:\/\/diariorepublica.com.ar\/web\/index.php\/wp-json\/wp\/v2\/posts\/31056\/revisions\/31058"}],"wp:featuredmedia":[{"embeddable":true,"href":"https:\/\/diariorepublica.com.ar\/web\/index.php\/wp-json\/wp\/v2\/media\/31057"}],"wp:attachment":[{"href":"https:\/\/diariorepublica.com.ar\/web\/index.php\/wp-json\/wp\/v2\/media?parent=31056"}],"wp:term":[{"taxonomy":"category","embeddable":true,"href":"https:\/\/diariorepublica.com.ar\/web\/index.php\/wp-json\/wp\/v2\/categories?post=31056"},{"taxonomy":"post_tag","embeddable":true,"href":"https:\/\/diariorepublica.com.ar\/web\/index.php\/wp-json\/wp\/v2\/tags?post=31056"}],"curies":[{"name":"wp","href":"https:\/\/api.w.org\/{rel}","templated":true}]}}