{"id":31059,"date":"2026-04-28T12:33:18","date_gmt":"2026-04-28T15:33:18","guid":{"rendered":"https:\/\/diariorepublica.com.ar\/web\/?p=31059"},"modified":"2026-04-28T12:33:20","modified_gmt":"2026-04-28T15:33:20","slug":"c-ortes-durante-toda-la-jornada-por-la-repavimentan-avenida-galindez","status":"publish","type":"post","link":"https:\/\/diariorepublica.com.ar\/web\/index.php\/sociedad\/2026\/04\/28\/c-ortes-durante-toda-la-jornada-por-la-repavimentan-avenida-galindez\/","title":{"rendered":"C ortes durante toda la jornada por la repavimentan avenida Gal\u00edndez"},"content":{"rendered":"<p>En el marco del Plan Provincial de Asfaltado, el Gobierno provincial, a trav\u00e9s de Vialidad Provincial y con apoyo de la Municipalidad de la Capital, contin\u00faa con las obras de mejora en la red vial urbana. Este martes se llevan adelante tareas de repavimentaci\u00f3n sobre la avenida Gobernador Gal\u00edndez, lo que implica interrupciones en la circulaci\u00f3n.<\/p>\n<p>Los trabajos se desarrollan entre las 08:00 y las 17:00 en el tramo comprendido entre Gobernador Felipe Figueroa y avenida Virgen del Valle. Debido a la intervenci\u00f3n, se dispuso el corte total de la calzada en el corredor este-oeste, afectando una de las arterias de alto tr\u00e1nsito de la ciudad.<\/p>\n<p>La obra incluye el fresado de la carpeta asf\u00e1ltica deteriorada y la posterior colocaci\u00f3n de concreto asf\u00e1ltico en caliente. Seg\u00fan se inform\u00f3, se intervendr\u00e1n aproximadamente 1.400 metros por cada carril, en una avenida que cuenta con cantero central, alcanzando una superficie total cercana a los 17.220 metros cuadrados.<\/p>\n<p>Desde el organismo indicaron que estas tareas forman parte de un plan integral que apunta a optimizar la infraestructura vial, acompa\u00f1ando el crecimiento urbano y mejorando la circulaci\u00f3n vehicular en sectores estrat\u00e9gicos. En este sentido, recordaron que recientemente se realizaron intervenciones similares en avenidas como Belgrano, Legisladores y Mariano Moreno.<\/p>\n<p>Finalmente, se solicit\u00f3 a los vecinos y conductores respetar la se\u00f1alizaci\u00f3n dispuesta, optar por v\u00edas alternativas y transitar con precauci\u00f3n mientras se desarrollan las obras.<\/p>\n","protected":false},"excerpt":{"rendered":"<p>En el marco del Plan Provincial de Asfaltado, el Gobierno provincial, a trav\u00e9s de Vialidad Provincial y con apoyo de<\/p>\n","protected":false},"author":1,"featured_media":31060,"comment_status":"closed","ping_status":"closed","sticky":false,"template":"","format":"standard","meta":{"footnotes":"","jetpack_publicize_message":"","jetpack_publicize_feature_enabled":true,"jetpack_social_post_already_shared":true,"jetpack_social_options":{"image_generator_settings":{"template":"highway","enabled":false},"version":2}},"categories":[3],"tags":[],"class_list":["post-31059","post","type-post","status-publish","format-standard","has-post-thumbnail","hentry","category-sociedad"],"jetpack_publicize_connections":[],"_links":{"self":[{"href":"https:\/\/diariorepublica.com.ar\/web\/index.php\/wp-json\/wp\/v2\/posts\/31059"}],"collection":[{"href":"https:\/\/diariorepublica.com.ar\/web\/index.php\/wp-json\/wp\/v2\/posts"}],"about":[{"href":"https:\/\/diariorepublica.com.ar\/web\/index.php\/wp-json\/wp\/v2\/types\/post"}],"author":[{"embeddable":true,"href":"https:\/\/diariorepublica.com.ar\/web\/index.php\/wp-json\/wp\/v2\/users\/1"}],"replies":[{"embeddable":true,"href":"https:\/\/diariorepublica.com.ar\/web\/index.php\/wp-json\/wp\/v2\/comments?post=31059"}],"version-history":[{"count":1,"href":"https:\/\/diariorepublica.com.ar\/web\/index.php\/wp-json\/wp\/v2\/posts\/31059\/revisions"}],"predecessor-version":[{"id":31061,"href":"https:\/\/diariorepublica.com.ar\/web\/index.php\/wp-json\/wp\/v2\/posts\/31059\/revisions\/31061"}],"wp:featuredmedia":[{"embeddable":true,"href":"https:\/\/diariorepublica.com.ar\/web\/index.php\/wp-json\/wp\/v2\/media\/31060"}],"wp:attachment":[{"href":"https:\/\/diariorepublica.com.ar\/web\/index.php\/wp-json\/wp\/v2\/media?parent=31059"}],"wp:term":[{"taxonomy":"category","embeddable":true,"href":"https:\/\/diariorepublica.com.ar\/web\/index.php\/wp-json\/wp\/v2\/categories?post=31059"},{"taxonomy":"post_tag","embeddable":true,"href":"https:\/\/diariorepublica.com.ar\/web\/index.php\/wp-json\/wp\/v2\/tags?post=31059"}],"curies":[{"name":"wp","href":"https:\/\/api.w.org\/{rel}","templated":true}]}}