{"id":31065,"date":"2026-04-29T07:21:43","date_gmt":"2026-04-29T10:21:43","guid":{"rendered":"https:\/\/diariorepublica.com.ar\/web\/?p=31065"},"modified":"2026-04-29T07:21:44","modified_gmt":"2026-04-29T10:21:44","slug":"catamarca-avanza-en-nuevos-acuerdos-mineros-camyen-firmo-un-memorandum-con-piedra-grande","status":"publish","type":"post","link":"https:\/\/diariorepublica.com.ar\/web\/index.php\/locales\/2026\/04\/29\/catamarca-avanza-en-nuevos-acuerdos-mineros-camyen-firmo-un-memorandum-con-piedra-grande\/","title":{"rendered":"Catamarca avanza en nuevos acuerdos mineros: CAMYEN firm\u00f3 un memor\u00e1ndum con Piedra Grande"},"content":{"rendered":"<p>El Gobierno de Catamarca, a trav\u00e9s de Catamarca Minera y Energ\u00e9tica Sociedad del Estado (CAMYEN S.E.), firm\u00f3 un Memor\u00e1ndum de Entendimiento (MOU) con la empresa Piedra Grande SAMICAyF con el objetivo de establecer un marco de colaboraci\u00f3n para la identificaci\u00f3n y an\u00e1lisis de oportunidades de negocio en el sector minero provincial.<\/p>\n<p>El acto fue encabezado por el gobernador Ra\u00fal Jalil, junto al presidente de CAMYEN, F\u00e9lix Jos\u00e9 Barrera Albarrac\u00edn, y la ministra de Miner\u00eda, Teresita Regalado, y por parte de la compa\u00f1\u00eda minera participaron el CEO, Guillermo Viegener, y el gerente general, Leonardo Carlos Bevilacqua.<\/p>\n<p>El acuerdo se inscribe en la estrategia provincial de potenciar el desarrollo de proyectos vinculados a la exploraci\u00f3n, explotaci\u00f3n, industrializaci\u00f3n y comercializaci\u00f3n de minerales, tanto metal\u00edferos como no metal\u00edferos. En este contexto, CAMYEN -organismo aut\u00e1rquico creado por ley y titular de derechos mineros en la provincia- aportar\u00e1 informaci\u00f3n t\u00e9cnica y geol\u00f3gica clave para el an\u00e1lisis de \u00e1reas con potencial productivo.<\/p>\n<p>Seg\u00fan lo establecido en el documento, la empresa tendr\u00e1 acceso a informaci\u00f3n del catastro minero para realizar estudios y evaluaciones. A partir de ese material, podr\u00e1 identificar zonas de inter\u00e9s, desarrollar tareas de prospecci\u00f3n y eventualmente presentar programas de exploraci\u00f3n. Los resultados deber\u00e1n ser informados a CAMYEN, que conservar\u00e1 la propiedad exclusiva de toda la informaci\u00f3n generada.<\/p>\n<p>El memor\u00e1ndum tambi\u00e9n contempla la posibilidad de avanzar hacia proyectos concretos mediante propuestas formales de inversi\u00f3n, bajo el r\u00e9gimen de contrataciones vigente del organismo estatal.<\/p>\n","protected":false},"excerpt":{"rendered":"<p>El Gobierno de Catamarca, a trav\u00e9s de Catamarca Minera y Energ\u00e9tica Sociedad del Estado (CAMYEN S.E.), firm\u00f3 un Memor\u00e1ndum de<\/p>\n","protected":false},"author":1,"featured_media":31066,"comment_status":"closed","ping_status":"closed","sticky":false,"template":"","format":"standard","meta":{"footnotes":"","jetpack_publicize_message":"","jetpack_publicize_feature_enabled":true,"jetpack_social_post_already_shared":true,"jetpack_social_options":{"image_generator_settings":{"template":"highway","enabled":false},"version":2}},"categories":[2],"tags":[],"class_list":["post-31065","post","type-post","status-publish","format-standard","has-post-thumbnail","hentry","category-locales"],"jetpack_publicize_connections":[],"_links":{"self":[{"href":"https:\/\/diariorepublica.com.ar\/web\/index.php\/wp-json\/wp\/v2\/posts\/31065"}],"collection":[{"href":"https:\/\/diariorepublica.com.ar\/web\/index.php\/wp-json\/wp\/v2\/posts"}],"about":[{"href":"https:\/\/diariorepublica.com.ar\/web\/index.php\/wp-json\/wp\/v2\/types\/post"}],"author":[{"embeddable":true,"href":"https:\/\/diariorepublica.com.ar\/web\/index.php\/wp-json\/wp\/v2\/users\/1"}],"replies":[{"embeddable":true,"href":"https:\/\/diariorepublica.com.ar\/web\/index.php\/wp-json\/wp\/v2\/comments?post=31065"}],"version-history":[{"count":1,"href":"https:\/\/diariorepublica.com.ar\/web\/index.php\/wp-json\/wp\/v2\/posts\/31065\/revisions"}],"predecessor-version":[{"id":31067,"href":"https:\/\/diariorepublica.com.ar\/web\/index.php\/wp-json\/wp\/v2\/posts\/31065\/revisions\/31067"}],"wp:featuredmedia":[{"embeddable":true,"href":"https:\/\/diariorepublica.com.ar\/web\/index.php\/wp-json\/wp\/v2\/media\/31066"}],"wp:attachment":[{"href":"https:\/\/diariorepublica.com.ar\/web\/index.php\/wp-json\/wp\/v2\/media?parent=31065"}],"wp:term":[{"taxonomy":"category","embeddable":true,"href":"https:\/\/diariorepublica.com.ar\/web\/index.php\/wp-json\/wp\/v2\/categories?post=31065"},{"taxonomy":"post_tag","embeddable":true,"href":"https:\/\/diariorepublica.com.ar\/web\/index.php\/wp-json\/wp\/v2\/tags?post=31065"}],"curies":[{"name":"wp","href":"https:\/\/api.w.org\/{rel}","templated":true}]}}