{"id":31068,"date":"2026-04-29T07:23:06","date_gmt":"2026-04-29T10:23:06","guid":{"rendered":"https:\/\/diariorepublica.com.ar\/web\/?p=31068"},"modified":"2026-04-29T07:23:08","modified_gmt":"2026-04-29T10:23:08","slug":"inspectores-de-la-capital-se-capacitaron-para-optimizar-los-controles-comerciales","status":"publish","type":"post","link":"https:\/\/diariorepublica.com.ar\/web\/index.php\/sociedad\/2026\/04\/29\/inspectores-de-la-capital-se-capacitaron-para-optimizar-los-controles-comerciales\/","title":{"rendered":"Inspectores de la Capital se capacitaron para optimizar los controles comerciales"},"content":{"rendered":"<p>La Secretar\u00eda de Protecci\u00f3n Ciudadana dict\u00f3 una formaci\u00f3n t\u00e9cnica a 37 agentes de Fe P\u00fablica sobre procesos de habilitaci\u00f3n. La iniciativa busca jerarquizar la labor de control y brindar mayor transparencia a los tr\u00e1mites administrativos.<\/p>\n<p>La actividad, coordinada por la Direcci\u00f3n de Inspecci\u00f3n General y el \u00c1rea de Administraci\u00f3n de Habilitaciones Comerciales, estuvo orientada a fortalecer la interpretaci\u00f3n de las normativas vigentes. Se puso especial \u00e9nfasis en la verificaci\u00f3n del estado administrativo de los locales, buscando que los inspectores cuenten con herramientas t\u00e9cnicas que permitan optimizar cada intervenci\u00f3n en territorio.<\/p>\n<p>A diferencia de jornadas informativas tradicionales, esta instancia incorpor\u00f3 una\u00a0<b>evaluaci\u00f3n t\u00e9cnica<\/b>\u00a0para los agentes, la cual arroj\u00f3 resultados sumamente satisfactorios. Esta modalidad asegura que el personal de calle est\u00e9 plenamente capacitado para guiar a los comerciantes en el cumplimiento de los requisitos de habilitaci\u00f3n, reduciendo errores y agilizando la gesti\u00f3n.<\/p>\n<p>Desde la Secretar\u00eda de Protecci\u00f3n Ciudadana destacaron que este es solo el inicio de un plan integral. Para el mes de mayo ya se proyecta una nueva instancia formativa que permitir\u00e1 seguir consolidando los criterios de actuaci\u00f3n en cada etapa de control.<\/p>\n<p>La Municipalidad de la Capital apuesta a la modernizaci\u00f3n del Estado, invirtiendo en la familia municipal para ofrecer un servicio p\u00fablico de calidad que acompa\u00f1e el crecimiento del sector comercial de la ciudad.<\/p>\n","protected":false},"excerpt":{"rendered":"<p>La Secretar\u00eda de Protecci\u00f3n Ciudadana dict\u00f3 una formaci\u00f3n t\u00e9cnica a 37 agentes de Fe P\u00fablica sobre procesos de habilitaci\u00f3n. La<\/p>\n","protected":false},"author":1,"featured_media":31069,"comment_status":"closed","ping_status":"closed","sticky":false,"template":"","format":"standard","meta":{"footnotes":"","jetpack_publicize_message":"","jetpack_publicize_feature_enabled":true,"jetpack_social_post_already_shared":true,"jetpack_social_options":{"image_generator_settings":{"template":"highway","enabled":false},"version":2}},"categories":[3],"tags":[],"class_list":["post-31068","post","type-post","status-publish","format-standard","has-post-thumbnail","hentry","category-sociedad"],"jetpack_publicize_connections":[],"_links":{"self":[{"href":"https:\/\/diariorepublica.com.ar\/web\/index.php\/wp-json\/wp\/v2\/posts\/31068"}],"collection":[{"href":"https:\/\/diariorepublica.com.ar\/web\/index.php\/wp-json\/wp\/v2\/posts"}],"about":[{"href":"https:\/\/diariorepublica.com.ar\/web\/index.php\/wp-json\/wp\/v2\/types\/post"}],"author":[{"embeddable":true,"href":"https:\/\/diariorepublica.com.ar\/web\/index.php\/wp-json\/wp\/v2\/users\/1"}],"replies":[{"embeddable":true,"href":"https:\/\/diariorepublica.com.ar\/web\/index.php\/wp-json\/wp\/v2\/comments?post=31068"}],"version-history":[{"count":1,"href":"https:\/\/diariorepublica.com.ar\/web\/index.php\/wp-json\/wp\/v2\/posts\/31068\/revisions"}],"predecessor-version":[{"id":31070,"href":"https:\/\/diariorepublica.com.ar\/web\/index.php\/wp-json\/wp\/v2\/posts\/31068\/revisions\/31070"}],"wp:featuredmedia":[{"embeddable":true,"href":"https:\/\/diariorepublica.com.ar\/web\/index.php\/wp-json\/wp\/v2\/media\/31069"}],"wp:attachment":[{"href":"https:\/\/diariorepublica.com.ar\/web\/index.php\/wp-json\/wp\/v2\/media?parent=31068"}],"wp:term":[{"taxonomy":"category","embeddable":true,"href":"https:\/\/diariorepublica.com.ar\/web\/index.php\/wp-json\/wp\/v2\/categories?post=31068"},{"taxonomy":"post_tag","embeddable":true,"href":"https:\/\/diariorepublica.com.ar\/web\/index.php\/wp-json\/wp\/v2\/tags?post=31068"}],"curies":[{"name":"wp","href":"https:\/\/api.w.org\/{rel}","templated":true}]}}