{"id":31071,"date":"2026-04-29T05:23:00","date_gmt":"2026-04-29T08:23:00","guid":{"rendered":"https:\/\/diariorepublica.com.ar\/web\/?p=31071"},"modified":"2026-04-29T07:24:27","modified_gmt":"2026-04-29T10:24:27","slug":"marcos-denett-asumio-como-director-de-ymad","status":"publish","type":"post","link":"https:\/\/diariorepublica.com.ar\/web\/index.php\/locales\/2026\/04\/29\/marcos-denett-asumio-como-director-de-ymad\/","title":{"rendered":"Marcos Denett asumi\u00f3 como Director de YMAD"},"content":{"rendered":"<p>Marcos Denett jur\u00f3 como nuevo director de YMAD. Tal como se dispuso a trav\u00e9s del bolet\u00edn oficial del Poder Ejecutivo de la provincia, Denett asumi\u00f3 el cargo en representaci\u00f3n de Catamarca, reemplazando al Lic. \u00c1ngel Mercado, cuyo mandato lleg\u00f3 a su fin.<\/p>\n<p>Fernando Jalil, presidente de la compa\u00f1\u00eda, destac\u00f3 la trayectoria de Mercado en la empresa y expres\u00f3 su agradecimiento por el conocimiento y el esfuerzo brindado, que han permitido que YMAD contin\u00fae creciendo y generando empleos de calidad y seguros para todos los catamarque\u00f1os.<\/p>\n","protected":false},"excerpt":{"rendered":"<p>Marcos Denett jur\u00f3 como nuevo director de YMAD. Tal como se dispuso a trav\u00e9s del bolet\u00edn oficial del Poder Ejecutivo<\/p>\n","protected":false},"author":1,"featured_media":31072,"comment_status":"closed","ping_status":"closed","sticky":false,"template":"","format":"standard","meta":{"footnotes":"","jetpack_publicize_message":"","jetpack_publicize_feature_enabled":true,"jetpack_social_post_already_shared":true,"jetpack_social_options":{"image_generator_settings":{"template":"highway","enabled":false},"version":2}},"categories":[2],"tags":[],"class_list":["post-31071","post","type-post","status-publish","format-standard","has-post-thumbnail","hentry","category-locales"],"jetpack_publicize_connections":[],"_links":{"self":[{"href":"https:\/\/diariorepublica.com.ar\/web\/index.php\/wp-json\/wp\/v2\/posts\/31071"}],"collection":[{"href":"https:\/\/diariorepublica.com.ar\/web\/index.php\/wp-json\/wp\/v2\/posts"}],"about":[{"href":"https:\/\/diariorepublica.com.ar\/web\/index.php\/wp-json\/wp\/v2\/types\/post"}],"author":[{"embeddable":true,"href":"https:\/\/diariorepublica.com.ar\/web\/index.php\/wp-json\/wp\/v2\/users\/1"}],"replies":[{"embeddable":true,"href":"https:\/\/diariorepublica.com.ar\/web\/index.php\/wp-json\/wp\/v2\/comments?post=31071"}],"version-history":[{"count":1,"href":"https:\/\/diariorepublica.com.ar\/web\/index.php\/wp-json\/wp\/v2\/posts\/31071\/revisions"}],"predecessor-version":[{"id":31073,"href":"https:\/\/diariorepublica.com.ar\/web\/index.php\/wp-json\/wp\/v2\/posts\/31071\/revisions\/31073"}],"wp:featuredmedia":[{"embeddable":true,"href":"https:\/\/diariorepublica.com.ar\/web\/index.php\/wp-json\/wp\/v2\/media\/31072"}],"wp:attachment":[{"href":"https:\/\/diariorepublica.com.ar\/web\/index.php\/wp-json\/wp\/v2\/media?parent=31071"}],"wp:term":[{"taxonomy":"category","embeddable":true,"href":"https:\/\/diariorepublica.com.ar\/web\/index.php\/wp-json\/wp\/v2\/categories?post=31071"},{"taxonomy":"post_tag","embeddable":true,"href":"https:\/\/diariorepublica.com.ar\/web\/index.php\/wp-json\/wp\/v2\/tags?post=31071"}],"curies":[{"name":"wp","href":"https:\/\/api.w.org\/{rel}","templated":true}]}}