{"id":31074,"date":"2026-04-29T00:25:00","date_gmt":"2026-04-29T03:25:00","guid":{"rendered":"https:\/\/diariorepublica.com.ar\/web\/?p=31074"},"modified":"2026-04-29T07:26:23","modified_gmt":"2026-04-29T10:26:23","slug":"policia-le-salvo-la-vida-a-un-bebe","status":"publish","type":"post","link":"https:\/\/diariorepublica.com.ar\/web\/index.php\/sociedad\/2026\/04\/29\/policia-le-salvo-la-vida-a-un-bebe\/","title":{"rendered":"Polic\u00eda le salv\u00f3 la vida a un beb\u00e9"},"content":{"rendered":"<p>Ayer por la tarde, en la intersecci\u00f3n de avenida Independencia y calle Malvinas Argentinas, polic\u00edas encontraron a una joven de 26 a\u00f1os con un beb\u00e9 en brazos pidiendo auxilio, ya que aparentemente se habr\u00eda broncoaspirado.<\/p>\n<p>R\u00e1pidamente, el\u00a0Oficial Principal N\u00e9stor Fernando Lazarte\u00a0tom\u00f3 al peque\u00f1o de\u00a03 meses de vida\u00a0y not\u00f3 que aparentemente ten\u00eda las v\u00edas respiratorias obstruidas y pocos signos vitales.<\/p>\n<p>De inmediato le practic\u00f3 las maniobras de Heimlich, logrando que el beb\u00e9 reaccionara al est\u00edmulo de las mismas y estabilizarlo, para luego r\u00e1pidamente trasladarlo en la unidad m\u00f3vil hacia el Hospital de Ni\u00f1os Eva Per\u00f3n, donde le brindaron la asistencia correspondiente, quedando fuera de peligro.<\/p>\n","protected":false},"excerpt":{"rendered":"<p>Ayer por la tarde, en la intersecci\u00f3n de avenida Independencia y calle Malvinas Argentinas, polic\u00edas encontraron a una joven de<\/p>\n","protected":false},"author":1,"featured_media":31075,"comment_status":"closed","ping_status":"closed","sticky":false,"template":"","format":"standard","meta":{"footnotes":"","jetpack_publicize_message":"","jetpack_publicize_feature_enabled":true,"jetpack_social_post_already_shared":true,"jetpack_social_options":{"image_generator_settings":{"template":"highway","enabled":false},"version":2}},"categories":[3],"tags":[],"class_list":["post-31074","post","type-post","status-publish","format-standard","has-post-thumbnail","hentry","category-sociedad"],"jetpack_publicize_connections":[],"_links":{"self":[{"href":"https:\/\/diariorepublica.com.ar\/web\/index.php\/wp-json\/wp\/v2\/posts\/31074"}],"collection":[{"href":"https:\/\/diariorepublica.com.ar\/web\/index.php\/wp-json\/wp\/v2\/posts"}],"about":[{"href":"https:\/\/diariorepublica.com.ar\/web\/index.php\/wp-json\/wp\/v2\/types\/post"}],"author":[{"embeddable":true,"href":"https:\/\/diariorepublica.com.ar\/web\/index.php\/wp-json\/wp\/v2\/users\/1"}],"replies":[{"embeddable":true,"href":"https:\/\/diariorepublica.com.ar\/web\/index.php\/wp-json\/wp\/v2\/comments?post=31074"}],"version-history":[{"count":1,"href":"https:\/\/diariorepublica.com.ar\/web\/index.php\/wp-json\/wp\/v2\/posts\/31074\/revisions"}],"predecessor-version":[{"id":31076,"href":"https:\/\/diariorepublica.com.ar\/web\/index.php\/wp-json\/wp\/v2\/posts\/31074\/revisions\/31076"}],"wp:featuredmedia":[{"embeddable":true,"href":"https:\/\/diariorepublica.com.ar\/web\/index.php\/wp-json\/wp\/v2\/media\/31075"}],"wp:attachment":[{"href":"https:\/\/diariorepublica.com.ar\/web\/index.php\/wp-json\/wp\/v2\/media?parent=31074"}],"wp:term":[{"taxonomy":"category","embeddable":true,"href":"https:\/\/diariorepublica.com.ar\/web\/index.php\/wp-json\/wp\/v2\/categories?post=31074"},{"taxonomy":"post_tag","embeddable":true,"href":"https:\/\/diariorepublica.com.ar\/web\/index.php\/wp-json\/wp\/v2\/tags?post=31074"}],"curies":[{"name":"wp","href":"https:\/\/api.w.org\/{rel}","templated":true}]}}