{"id":31077,"date":"2026-04-29T11:26:00","date_gmt":"2026-04-29T14:26:00","guid":{"rendered":"https:\/\/diariorepublica.com.ar\/web\/?p=31077"},"modified":"2026-04-29T07:28:17","modified_gmt":"2026-04-29T10:28:17","slug":"senado-debate-la-reforma-de-salud-mental","status":"publish","type":"post","link":"https:\/\/diariorepublica.com.ar\/web\/index.php\/politica\/2026\/04\/29\/senado-debate-la-reforma-de-salud-mental\/","title":{"rendered":"Senado debate la reforma de Salud Mental"},"content":{"rendered":"<p><strong>El Senado abrir\u00e1 este mi\u00e9rcoles el debate del proyecto de reforma de la ley de Salud Mental<\/strong>, que tiene como punto central permitir las internaciones \u201cno voluntarias\u201d \u00a0y establece que se incorpora a las adicciones a la drogas como una enfermedad de salud mental.<\/p>\n<p>El proyecto girado por el Gobierno Nacional se discutir\u00e1 en un plenario este mi\u00e9rcoles a las 16.30 de las comisiones de Salud \u2014que se constituir\u00e1 ese mismo d\u00eda y designara la senadora de LLA Ivanna Marcela\u00a0<strong>Arrascaeta<\/strong>\u00a0\u00a0\u2014 y de Legislaci\u00f3n General \u2014que preside la libertaria neuquina\u00a0<strong>Nadia M\u00e1rquez.<\/strong><\/p>\n<p>La sanci\u00f3n de esta iniciativa es reclamada por familiares de enfermos por adicciones que se\u00f1alan que la actual ley no ayuda a estos enfermos, pero es rechazada por el kirchnerismo y organizaciones de derechos humanos.<\/p>\n<p>Adem\u00e1s fija el proyecto promovido por el Gobierno que \u201clas adicciones deben ser abordadas como parte integrante de las pol\u00edticas de salud mental\u201d<\/p>\n<p>\u201cEl uso, abuso o adicci\u00f3n al consumo de sustancias o drogas -legales o ilegales- relacionado con afecciones o trastornos del comportamiento deben ser abordados teniendo en cuenta la singularidad de cada persona y el momento o la etapa del consumo, y debe asegurarse el respeto de todos los derechos y garant\u00edas que se establecen en la presente ley en su relaci\u00f3n con los servicios de salud\u201d, agrega<\/p>\n<p>.<strong>INTERNACIONES<\/strong><\/p>\n<p>Uno de los puntos centrales del proyecto es que se flexibilizan los criterios de internaci\u00f3n, permitiendo que se pueda hacer de forma obligatoria sin el aval del paciente, una situaci\u00f3n que hoy est\u00e1 prohibida en la ley aprobada en 2010.<\/p>\n<p>En lugar del concepto de \u201criesgo cierto e inminente\u201d, se incorpor\u00f3 la noci\u00f3n de \u201csituaci\u00f3n de riesgo grave de da\u00f1o para la vida o la integridad f\u00edsica de la persona o de terceros\u201d.<\/p>\n<p>\u201c\u00a0<strong>La internaci\u00f3n es considerada como un recurso terap\u00e9utico excepcional y solo puede llevarse a cabo cuando aporte mayores beneficios terap\u00e9uticos que el resto de las intervenciones realizables en su entorno familiar, comunitario o social\u201d,\u00a0<\/strong>se\u00f1ala<\/p>\n<p>Fija que \u00abdebe promoverse el mantenimiento de v\u00ednculos, contactos y comunicaci\u00f3n de las personas internadas con sus familiares, allegados y con el entorno laboral y social, salvo en aquellas excepciones que por razones terap\u00e9uticas debidamente fundadas establezca el equipo de salud interviniente\u201d.<\/p>\n<p title=\"__IP__\" data-ipspy=\"__IP__\">Otro punto clave es que se deber\u00e1 comunicar a un juez en un plazo de 24 horas la \u201c internaci\u00f3n involuntaria debidamente fundada\u201d y a las 48 horas enviarle toda la documentaci\u00f3n \u00a0respectiva.<\/p>\n<p><strong>PUNTOS PRINCIPALES<\/strong><\/p>\n<ul>\n<li>Rol M\u00e9dico:\u00a0El proyecto da un rol central a la mirada t\u00e9cnico-m\u00e9dica (psiquiatras) sobre el enfoque interdisciplinario actual.<\/li>\n<li>Dispone que la atenci\u00f3n deber\u00e1 estar a cargo de equipos interdisciplinarios, y pone como requisito la presencia obligatoria del m\u00e9dico psiquiatra<\/li>\n<li>Tendr\u00e1 mayor peso la evaluaci\u00f3n m\u00e9dica en decisiones clave como diagn\u00f3sticos, tratamientos e internaciones, lo que no suced\u00eda en la legislaci\u00f3n vigente.<\/li>\n<li>Mantiene que la internaci\u00f3n como recursos excepcional, pero permite la internaciones no voluntarias, que en la anterior ley era una situaci\u00f3n que se contemplaba en casos extremos.<\/li>\n<li>Las internaciones no voluntarias solo permitir\u00e1n en \u00absituaci\u00f3n de riesgo grave de da\u00f1o para la vida o la integridad f\u00edsica de la persona o de terceros\u201d.<\/li>\n<li>El consumo problem\u00e1tico de sustancias se integra formalmente a las pol\u00edticas de salud mental y la autoridad de aplicaci\u00f3n podr\u00e1 definir dispositivos espec\u00edficos, ambulatorios o de internaci\u00f3n.<\/li>\n<\/ul>\n<p>NA<\/p>\n","protected":false},"excerpt":{"rendered":"<p>El Senado abrir\u00e1 este mi\u00e9rcoles el debate del proyecto de reforma de la ley de Salud Mental, que tiene como<\/p>\n","protected":false},"author":1,"featured_media":31078,"comment_status":"closed","ping_status":"closed","sticky":false,"template":"","format":"standard","meta":{"footnotes":"","jetpack_publicize_message":"","jetpack_publicize_feature_enabled":true,"jetpack_social_post_already_shared":true,"jetpack_social_options":{"image_generator_settings":{"template":"highway","enabled":false},"version":2}},"categories":[12],"tags":[],"class_list":["post-31077","post","type-post","status-publish","format-standard","has-post-thumbnail","hentry","category-politica"],"jetpack_publicize_connections":[],"_links":{"self":[{"href":"https:\/\/diariorepublica.com.ar\/web\/index.php\/wp-json\/wp\/v2\/posts\/31077"}],"collection":[{"href":"https:\/\/diariorepublica.com.ar\/web\/index.php\/wp-json\/wp\/v2\/posts"}],"about":[{"href":"https:\/\/diariorepublica.com.ar\/web\/index.php\/wp-json\/wp\/v2\/types\/post"}],"author":[{"embeddable":true,"href":"https:\/\/diariorepublica.com.ar\/web\/index.php\/wp-json\/wp\/v2\/users\/1"}],"replies":[{"embeddable":true,"href":"https:\/\/diariorepublica.com.ar\/web\/index.php\/wp-json\/wp\/v2\/comments?post=31077"}],"version-history":[{"count":1,"href":"https:\/\/diariorepublica.com.ar\/web\/index.php\/wp-json\/wp\/v2\/posts\/31077\/revisions"}],"predecessor-version":[{"id":31079,"href":"https:\/\/diariorepublica.com.ar\/web\/index.php\/wp-json\/wp\/v2\/posts\/31077\/revisions\/31079"}],"wp:featuredmedia":[{"embeddable":true,"href":"https:\/\/diariorepublica.com.ar\/web\/index.php\/wp-json\/wp\/v2\/media\/31078"}],"wp:attachment":[{"href":"https:\/\/diariorepublica.com.ar\/web\/index.php\/wp-json\/wp\/v2\/media?parent=31077"}],"wp:term":[{"taxonomy":"category","embeddable":true,"href":"https:\/\/diariorepublica.com.ar\/web\/index.php\/wp-json\/wp\/v2\/categories?post=31077"},{"taxonomy":"post_tag","embeddable":true,"href":"https:\/\/diariorepublica.com.ar\/web\/index.php\/wp-json\/wp\/v2\/tags?post=31077"}],"curies":[{"name":"wp","href":"https:\/\/api.w.org\/{rel}","templated":true}]}}