{"id":31083,"date":"2026-04-29T08:30:00","date_gmt":"2026-04-29T11:30:00","guid":{"rendered":"https:\/\/diariorepublica.com.ar\/web\/?p=31083"},"modified":"2026-04-29T07:34:24","modified_gmt":"2026-04-29T10:34:24","slug":"con-el-respaldo-de-milei-adorni-presentara-su-informe-de-gestion-en-diputados","status":"publish","type":"post","link":"https:\/\/diariorepublica.com.ar\/web\/index.php\/politica\/2026\/04\/29\/con-el-respaldo-de-milei-adorni-presentara-su-informe-de-gestion-en-diputados\/","title":{"rendered":"Con el respaldo de Milei, Adorni presentar\u00e1 su informe de gesti\u00f3n en Diputados"},"content":{"rendered":"<p>El jefe de Gabinete,\u00a0<strong>Manuel Adorni<\/strong>, expondr\u00e1 este mi\u00e9rcoles desde las\u00a0<strong>10.30 horas su informe de gesti\u00f3n ante la C\u00e1mara de Diputados<\/strong>, en una sesi\u00f3n atravesada por la\u00a0<strong>investigaci\u00f3n judicial\u00a0<\/strong>que lo involucra por presunto enriquecimiento il\u00edcito vinculado a la compra de propiedades y viajes al exterior.<\/p>\n<p>Durante la presentaci\u00f3n, responder\u00e1 preguntas de la oposici\u00f3n y contar\u00e1 con el respaldo del presidente<strong>\u00a0Javier Milei\u00a0<\/strong>y de gran parte del Gabinete, que lo acompa\u00f1ar\u00e1n desde el palco.<\/p>\n<article class=\"article-body par-4\">\n<div class=\"article-content\">\n<div class=\"news-body-paragraph\" data-twitter-link=\"\">\n<p id=\"p-1777424179890-65022\" data-start=\"477\" data-end=\"824\">De acuerdo a lo que pudo saber<strong>\u00a0A24.com<\/strong>, el funcionario estar\u00e1 \u201c<strong>acompa\u00f1ado por Milei<\/strong>\u201d y por \u201c<strong>todo el Gabinete<\/strong>\u201d. El Presidente y la secretaria general de la Presidencia, Karina Milei, encabezar\u00e1n la delegaci\u00f3n oficial en un gesto inusual, ya que no hay antecedentes de un mandatario que asista a una exposici\u00f3n de su jefe de Gabinete en el Congreso.<\/p>\n<\/div>\n<\/div>\n<\/article>\n<article class=\"article-body par-5\">\n<div class=\"article-content\">\n<div class=\"news-body-paragraph\" data-twitter-link=\"\">\n<p id=\"p-1777424179890-41434\" data-start=\"826\" data-end=\"1014\">El mensaje interno que impulsan Javier y Karina Milei es \u201c<strong>Adorni somos nosotros<\/strong>\u201d, y bajo esa consigna se solicit\u00f3 asistencia completa de ministros y principales funcionarios del Ejecutivo.<\/p>\n<p id=\"p-1777424179890-76386\" data-start=\"1397\" data-end=\"1661\">Seg\u00fan estimaciones oficiales, Adorni hablar\u00e1\u00a0<strong>durante aproximadamente una hora en su exposici\u00f3n inicial.<\/strong>\u00a0Luego se abrir\u00e1 la instancia de preguntas por parte de los legisladores, un tramo que\u00a0<strong>podr\u00eda extenderse hasta seis horas,<\/strong>\u00a0seg\u00fan indicaron fuentes de su entorno.<\/p>\n<p id=\"p-1777424179890-68655\" data-start=\"1663\" data-end=\"2028\">En las \u00faltimas semanas, el funcionario mantuvo un perfil bajo mientras trabajaba en la preparaci\u00f3n de su informe, con el objetivo de responder las casi 2.000 preguntas que quedaron firmes de un total de 4.800 enviadas por diputados de la oposici\u00f3n. Los cuestionamientos no solo apuntar\u00e1n a aspectos de la gesti\u00f3n, sino tambi\u00e9n a su situaci\u00f3n judicial y patrimonial.<\/p>\n<p id=\"p-1777424179890-38331\" data-start=\"2030\" data-end=\"2271\">Desde que se desat\u00f3 la controversia, Adorni s\u00f3lo particip\u00f3 de actividades oficiales junto al Presidente y a Karina Milei, en el marco de una estrategia del Gobierno para mostrar respaldo a su continuidad al frente de la Jefatura de Gabinete.<\/p>\n<p id=\"p-1777424179890-14165\" data-start=\"2273\" data-end=\"2450\">Su \u00faltima aparici\u00f3n p\u00fablica fue este martes, cuando acompa\u00f1\u00f3 a la ministra de Seguridad,<strong>\u00a0Alejandra Monteoliva<\/strong>, en un acto de quema de drogas incautadas por fuerzas de seguridad.<\/p>\n<p id=\"p-1777424179890-86544\" data-start=\"2452\" data-end=\"2750\">En su entorno sostienen que evitar\u00e1 responder sobre cuestiones personales y que se centrar\u00e1 en el informe de gesti\u00f3n. Para eso, estar\u00e1 acompa\u00f1ado por un amplio equipo t\u00e9cnico integrado por funcionarios de distintos ministerios, que lo asistir\u00e1n con informaci\u00f3n espec\u00edfica ante eventuales consultas.<\/p>\n<p id=\"p-1777424179890-8404\" data-start=\"2752\" data-end=\"3224\">En un clima de tensi\u00f3n con la oposici\u00f3n, Adorni recorri\u00f3 el lunes el recinto de la C\u00e1mara de Diputados junto al presidente del cuerpo,<strong>\u00a0Mart\u00edn Menem<\/strong>, para ultimar detalles sobre su ubicaci\u00f3n durante la exposici\u00f3n, que ser\u00e1 justo debajo del titular de la C\u00e1mara.<\/p>\n<p id=\"p-1777424179890-47719\" data-start=\"3226\" data-end=\"3538\" data-is-last-node=\"\" data-is-only-node=\"\">Por su parte, sectores de la oposici\u00f3n manifestaron preocupaci\u00f3n por la posible presencia de militantes libertarios en el Congreso y anticiparon un escenario de confrontaci\u00f3n durante la jornada. Los distintos bloques analizaban en paralelo la estrategia que adoptar\u00e1n frente a la exposici\u00f3n del jefe de Gabinete.<\/p>\n<\/div>\n<\/div>\n<\/article>\n","protected":false},"excerpt":{"rendered":"<p>El jefe de Gabinete,\u00a0Manuel Adorni, expondr\u00e1 este mi\u00e9rcoles desde las\u00a010.30 horas su informe de gesti\u00f3n ante la C\u00e1mara de Diputados,<\/p>\n","protected":false},"author":1,"featured_media":31084,"comment_status":"closed","ping_status":"closed","sticky":false,"template":"","format":"standard","meta":{"footnotes":"","jetpack_publicize_message":"","jetpack_publicize_feature_enabled":true,"jetpack_social_post_already_shared":true,"jetpack_social_options":{"image_generator_settings":{"template":"highway","enabled":false},"version":2}},"categories":[12],"tags":[],"class_list":["post-31083","post","type-post","status-publish","format-standard","has-post-thumbnail","hentry","category-politica"],"jetpack_publicize_connections":[],"_links":{"self":[{"href":"https:\/\/diariorepublica.com.ar\/web\/index.php\/wp-json\/wp\/v2\/posts\/31083"}],"collection":[{"href":"https:\/\/diariorepublica.com.ar\/web\/index.php\/wp-json\/wp\/v2\/posts"}],"about":[{"href":"https:\/\/diariorepublica.com.ar\/web\/index.php\/wp-json\/wp\/v2\/types\/post"}],"author":[{"embeddable":true,"href":"https:\/\/diariorepublica.com.ar\/web\/index.php\/wp-json\/wp\/v2\/users\/1"}],"replies":[{"embeddable":true,"href":"https:\/\/diariorepublica.com.ar\/web\/index.php\/wp-json\/wp\/v2\/comments?post=31083"}],"version-history":[{"count":1,"href":"https:\/\/diariorepublica.com.ar\/web\/index.php\/wp-json\/wp\/v2\/posts\/31083\/revisions"}],"predecessor-version":[{"id":31085,"href":"https:\/\/diariorepublica.com.ar\/web\/index.php\/wp-json\/wp\/v2\/posts\/31083\/revisions\/31085"}],"wp:featuredmedia":[{"embeddable":true,"href":"https:\/\/diariorepublica.com.ar\/web\/index.php\/wp-json\/wp\/v2\/media\/31084"}],"wp:attachment":[{"href":"https:\/\/diariorepublica.com.ar\/web\/index.php\/wp-json\/wp\/v2\/media?parent=31083"}],"wp:term":[{"taxonomy":"category","embeddable":true,"href":"https:\/\/diariorepublica.com.ar\/web\/index.php\/wp-json\/wp\/v2\/categories?post=31083"},{"taxonomy":"post_tag","embeddable":true,"href":"https:\/\/diariorepublica.com.ar\/web\/index.php\/wp-json\/wp\/v2\/tags?post=31083"}],"curies":[{"name":"wp","href":"https:\/\/api.w.org\/{rel}","templated":true}]}}