{"id":3109,"date":"2023-05-22T07:58:39","date_gmt":"2023-05-22T10:58:39","guid":{"rendered":"https:\/\/diariorepublica.com.ar\/web\/?p=3109"},"modified":"2023-05-22T07:58:40","modified_gmt":"2023-05-22T10:58:40","slug":"poncho-2023-audicion-para-bailarines","status":"publish","type":"post","link":"https:\/\/diariorepublica.com.ar\/web\/index.php\/sociedad\/2023\/05\/22\/poncho-2023-audicion-para-bailarines\/","title":{"rendered":"Poncho 2023: audici\u00f3n para bailarines"},"content":{"rendered":"<p>Hasta hoy lunes se encuentra\u00a0 abierta la convocatoria para que bailarinas y bailarines catamarque\u00f1os, mayores de 16 a\u00f1os, se inscriban a las audiciones para integrar el ballet de apertura de la 52\u00ba Fiesta Nacional e Internacional del Poncho.<\/p>\n<p>La inscripci\u00f3n es virtual y se realiza en el siguiente formulario:\u00a0<a href=\"https:\/\/bit.ly\/Audici%C3%B3nPoncho23\" target=\"_blank\" rel=\"noopener\" data-saferedirecturl=\"https:\/\/www.google.com\/url?q=https:\/\/bit.ly\/Audici%25C3%25B3nPoncho23&amp;source=gmail&amp;ust=1684838897510000&amp;usg=AOvVaw2dV1J4rkPFufNmqg5QdXbj\">https:\/\/bit.ly\/Audici\u00f3nPoncho23<\/a><\/p>\n<p>La convocatoria es promovida por el Ministerio de Cultura, Turismo y Deporte de Catamarca, a trav\u00e9s de la Secretar\u00eda de Gesti\u00f3n Cultural, con el fin de integrar del ballet que participar\u00e1 del acto inaugural de la fiesta. Esta es la segunda vez en la historia del Poncho que se concreta una audici\u00f3n para el cuadro de apertura. En 2022, se realiz\u00f3 por primera vez y m\u00e1s de 150 bailarines de toda Catamarca se presentaron buscando ser parte del ballet oficial que abri\u00f3 la fiesta.<\/p>\n<p>\u201cTenemos excelentes bailarines en toda la provincia. Creemos que abrir esta posibilidad para que todos los interesados puedan audicionar contribuye a brindar las mismas oportunidades y a valorar la formaci\u00f3n. El a\u00f1o pasado ya lo hicimos y la respuesta de los bailarines fue enorme, adem\u00e1s de que logramos conformar un ballet con los mejores representantes que ensayaron durante m\u00e1s de un mes para ofrecernos una puesta en escena a la altura de nuestra fiesta. Este a\u00f1o queremos redoblar esa apuesta\u201d, anticip\u00f3 Daiana Rold\u00e1n, secretar\u00eda de Gesti\u00f3n Cultural de la Provincia.<\/p>\n<p>Los bailarines que se inscriban deber\u00e1n concurrir a la audici\u00f3n el d\u00eda s\u00e1bado 27 de mayo a las 14 hs en el Cine Teatro Catamarca y ser\u00e1 la \u00fanica instancia donde se valorar\u00e1 la performance de los bailarines.<\/p>\n<p>Quienes resulten seleccionados, conformar\u00e1n el ballet de apertura de la Fiesta del Poncho y deber\u00e1n participar de los ensayos que se realizar\u00e1n a partir del 15 de junio.<\/p>\n<p>Los requisitos para inscribirse en la audici\u00f3n son:<\/p>\n<p>\u00b7 Ser catamarque\u00f1o\/a nacido o residente (con al menos 2 a\u00f1os de residencia).<\/p>\n<p>\u00b7 Ser mayor de 16 a\u00f1os.<\/p>\n<p>\u00b7 Tener formaci\u00f3n en danzas folcl\u00f3ricas, conocimientos en t\u00e9cnicas de danza contempor\u00e1nea y t\u00e9cnica de danzas cl\u00e1sicas.<\/p>\n<p>\u00b7 Calendario de vacunaci\u00f3n completo contra COVID-19 (recomendado pero no excluyente).<\/p>\n<p>El d\u00eda de la audici\u00f3n, los bailarines deber\u00e1n presentar la siguiente documentaci\u00f3n respaldatoria:<\/p>\n<p>\u00b7 Fotocopia de DNI<\/p>\n<p>\u00b7 Certificado de buena salud y ficha m\u00e9dica certificada (adjunta en el formulario de inscripci\u00f3n)<\/p>\n<p>\u00b7 Calendario de vacunaci\u00f3n completo contra COVID-19 (opcional)<\/p>\n<p>\u00b7 Autorizaci\u00f3n de tutor(es) para participantes menores de 18 a\u00f1os.<\/p>\n","protected":false},"excerpt":{"rendered":"<p>Hasta hoy lunes se encuentra\u00a0 abierta la convocatoria para que bailarinas y bailarines catamarque\u00f1os, mayores de 16 a\u00f1os, se inscriban<\/p>\n","protected":false},"author":1,"featured_media":3110,"comment_status":"closed","ping_status":"closed","sticky":false,"template":"","format":"standard","meta":{"footnotes":"","jetpack_publicize_message":"","jetpack_publicize_feature_enabled":true,"jetpack_social_post_already_shared":false,"jetpack_social_options":{"image_generator_settings":{"template":"highway","enabled":false},"version":2}},"categories":[3],"tags":[],"class_list":["post-3109","post","type-post","status-publish","format-standard","has-post-thumbnail","hentry","category-sociedad"],"jetpack_publicize_connections":[],"_links":{"self":[{"href":"https:\/\/diariorepublica.com.ar\/web\/index.php\/wp-json\/wp\/v2\/posts\/3109"}],"collection":[{"href":"https:\/\/diariorepublica.com.ar\/web\/index.php\/wp-json\/wp\/v2\/posts"}],"about":[{"href":"https:\/\/diariorepublica.com.ar\/web\/index.php\/wp-json\/wp\/v2\/types\/post"}],"author":[{"embeddable":true,"href":"https:\/\/diariorepublica.com.ar\/web\/index.php\/wp-json\/wp\/v2\/users\/1"}],"replies":[{"embeddable":true,"href":"https:\/\/diariorepublica.com.ar\/web\/index.php\/wp-json\/wp\/v2\/comments?post=3109"}],"version-history":[{"count":1,"href":"https:\/\/diariorepublica.com.ar\/web\/index.php\/wp-json\/wp\/v2\/posts\/3109\/revisions"}],"predecessor-version":[{"id":3111,"href":"https:\/\/diariorepublica.com.ar\/web\/index.php\/wp-json\/wp\/v2\/posts\/3109\/revisions\/3111"}],"wp:featuredmedia":[{"embeddable":true,"href":"https:\/\/diariorepublica.com.ar\/web\/index.php\/wp-json\/wp\/v2\/media\/3110"}],"wp:attachment":[{"href":"https:\/\/diariorepublica.com.ar\/web\/index.php\/wp-json\/wp\/v2\/media?parent=3109"}],"wp:term":[{"taxonomy":"category","embeddable":true,"href":"https:\/\/diariorepublica.com.ar\/web\/index.php\/wp-json\/wp\/v2\/categories?post=3109"},{"taxonomy":"post_tag","embeddable":true,"href":"https:\/\/diariorepublica.com.ar\/web\/index.php\/wp-json\/wp\/v2\/tags?post=3109"}],"curies":[{"name":"wp","href":"https:\/\/api.w.org\/{rel}","templated":true}]}}