{"id":31098,"date":"2026-04-29T08:43:00","date_gmt":"2026-04-29T11:43:00","guid":{"rendered":"https:\/\/diariorepublica.com.ar\/web\/?p=31098"},"modified":"2026-04-29T07:44:37","modified_gmt":"2026-04-29T10:44:37","slug":"river-anuncio-a-pablo-longoria-como-su-nuevo-director-deportivo","status":"publish","type":"post","link":"https:\/\/diariorepublica.com.ar\/web\/index.php\/deportes\/2026\/04\/29\/river-anuncio-a-pablo-longoria-como-su-nuevo-director-deportivo\/","title":{"rendered":"\u00a0River anunci\u00f3 a Pablo Longoria como su nuevo director deportivo"},"content":{"rendered":"<article id=\"article-post\" class=\"first\">\n<div class=\"cuerpo\" data-twitter-link=\"https:\/\/twitter.com\/intent\/tweet?url=https:\/\/www.diariopopular.com.ar\/c897716&amp;via=poopulardiario&amp;related=Popular&amp;text=\">\n<p id=\"p-1777416359061-75554\"><strong>River anunci\u00f3 a Pablo Longoria como su nuevo director deportivo.\u00a0<\/strong>El espa\u00f1ol de 40 a\u00f1os, con trayectoria europea en distintos puestos,\u00a0<strong>asumir\u00e1 un rol con mucha influencia en la estructura futbol\u00edstica de la instituci\u00f3n<\/strong>\u00a0bajo las \u00f3rdenes de St\u00e9fano Di Carlo (presidente) y m\u00e1s directamente de Enzo Francescoli (m\u00e1nager).<\/p>\n<\/div>\n<\/article>\n<article id=\"article-post\">\n<div class=\"cuerpo\" data-twitter-link=\"#TWEMBEDLINK#\">\n<p id=\"p-1777417264260-99772\"><strong>\u00abLongoria coordinar\u00e1 las distintas \u00e1reas vinculadas al f\u00fatbol del club, entre ellas el plantel profesional, el f\u00fatbol formativo, el scouting, la gesti\u00f3n de contratos, el an\u00e1lisis de rendimiento y el desarrollo deportivo<\/strong>. Su rol estar\u00e1 orientado a articular estas estructuras bajo una estrategia com\u00fan, con el objetivo de continuar fortaleciendo la organizaci\u00f3n y profesionalizaci\u00f3n del \u00e1rea\u00bb, inform\u00f3 el club de N\u00fa\u00f1ez.<\/p>\n<article id=\"article-post\">\n<div class=\"cuerpo\" data-twitter-link=\"#TWEMBEDLINK#\">\n<p id=\"p-1777418036844-17108\">Se sumar\u00e1 a la estructura que encabeza Enzo y tambi\u00e9n forma parte Ponzio como su secretario.<\/p>\n<\/div>\n<\/article>\n<article id=\"article-post\">\n<div class=\"cuerpo\" data-twitter-link=\"#TWEMBEDLINK#\">\n<p id=\"p-1777417264260-15287\">\u00abLa incorporaci\u00f3n de Longoria se enmarca en un proyecto institucional de mediano y largo plazo, enfocado en promover la integraci\u00f3n entre divisiones inferiores y el primer equipo, y\u00a0<strong>optimizar los procesos de captaci\u00f3n, incorporaci\u00f3n y desarrollo de futbolistas.\u00a0<\/strong>Su integraci\u00f3n a la din\u00e1mica de trabajo ser\u00e1 progresiva, en coordinaci\u00f3n con las \u00e1reas que vienen desarrollando la planificaci\u00f3n deportiva\u00bb, continu\u00f3 contando el club sobre su arribo.<\/p>\n<p id=\"p-1777417981306-71552\">\n<p id=\"p-1777417264260-63866\"><strong>Pese a su corta edad, Longoria cuenta con m\u00e1s de quince a\u00f1os de experiencia.<\/strong>\u00a0\u00abInici\u00f3 su carrera en el \u00e1rea de scouting de Newcastle United y posteriormente desarroll\u00f3 su actividad en Juventus, donde se desempe\u00f1\u00f3 como jefe mundial de scouting entre 2015 y 2018. Entre 2018 y 2020 fue Director Deportivo del Valencia CF, y en 2020 asumi\u00f3 como Director Deportivo del Olympique de Marsella, instituci\u00f3n de la que fue presidente desde 2021 hasta marzo de 2026\u00bb, cont\u00f3 el club.<\/p>\n<p id=\"p-1777417865299-42884\">M\u00e1s all\u00e1 de ser un defensor del big data,\u00a0<strong>Longoria siempre mantuvo que es indispensable el ojo humano a la hora de elegir refuerzos<\/strong>.<strong>\u00a0\u00abNo soy partidario de firmar jugadores por video\u00bb, afirm\u00f3 alguna vez.\u00a0<\/strong>Las estad\u00edsticas son su primer filtro, pero cree necesario que sean respaldados viendo al jugador en el verde c\u00e9sped. Y, en \u00faltima instancia, le interesa lograr una interiorizaci\u00f3n sobre la vida privada del futbolista y su paso por los clubes anteriores.<\/p>\n<\/div>\n<\/article>\n<\/div>\n<\/article>\n","protected":false},"excerpt":{"rendered":"<p>River anunci\u00f3 a Pablo Longoria como su nuevo director deportivo.\u00a0El espa\u00f1ol de 40 a\u00f1os, con trayectoria europea en distintos puestos,\u00a0asumir\u00e1<\/p>\n","protected":false},"author":1,"featured_media":31099,"comment_status":"closed","ping_status":"closed","sticky":false,"template":"","format":"standard","meta":{"footnotes":"","jetpack_publicize_message":"","jetpack_publicize_feature_enabled":true,"jetpack_social_post_already_shared":true,"jetpack_social_options":{"image_generator_settings":{"template":"highway","enabled":false},"version":2}},"categories":[9],"tags":[],"class_list":["post-31098","post","type-post","status-publish","format-standard","has-post-thumbnail","hentry","category-deportes"],"jetpack_publicize_connections":[],"_links":{"self":[{"href":"https:\/\/diariorepublica.com.ar\/web\/index.php\/wp-json\/wp\/v2\/posts\/31098"}],"collection":[{"href":"https:\/\/diariorepublica.com.ar\/web\/index.php\/wp-json\/wp\/v2\/posts"}],"about":[{"href":"https:\/\/diariorepublica.com.ar\/web\/index.php\/wp-json\/wp\/v2\/types\/post"}],"author":[{"embeddable":true,"href":"https:\/\/diariorepublica.com.ar\/web\/index.php\/wp-json\/wp\/v2\/users\/1"}],"replies":[{"embeddable":true,"href":"https:\/\/diariorepublica.com.ar\/web\/index.php\/wp-json\/wp\/v2\/comments?post=31098"}],"version-history":[{"count":1,"href":"https:\/\/diariorepublica.com.ar\/web\/index.php\/wp-json\/wp\/v2\/posts\/31098\/revisions"}],"predecessor-version":[{"id":31100,"href":"https:\/\/diariorepublica.com.ar\/web\/index.php\/wp-json\/wp\/v2\/posts\/31098\/revisions\/31100"}],"wp:featuredmedia":[{"embeddable":true,"href":"https:\/\/diariorepublica.com.ar\/web\/index.php\/wp-json\/wp\/v2\/media\/31099"}],"wp:attachment":[{"href":"https:\/\/diariorepublica.com.ar\/web\/index.php\/wp-json\/wp\/v2\/media?parent=31098"}],"wp:term":[{"taxonomy":"category","embeddable":true,"href":"https:\/\/diariorepublica.com.ar\/web\/index.php\/wp-json\/wp\/v2\/categories?post=31098"},{"taxonomy":"post_tag","embeddable":true,"href":"https:\/\/diariorepublica.com.ar\/web\/index.php\/wp-json\/wp\/v2\/tags?post=31098"}],"curies":[{"name":"wp","href":"https:\/\/api.w.org\/{rel}","templated":true}]}}