{"id":31104,"date":"2026-04-29T07:46:35","date_gmt":"2026-04-29T10:46:35","guid":{"rendered":"https:\/\/diariorepublica.com.ar\/web\/?p=31104"},"modified":"2026-04-29T07:46:37","modified_gmt":"2026-04-29T10:46:37","slug":"claudio-ubeda-la-expulsion-nos-condiciono-todo-el-partido","status":"publish","type":"post","link":"https:\/\/diariorepublica.com.ar\/web\/index.php\/deportes\/2026\/04\/29\/claudio-ubeda-la-expulsion-nos-condiciono-todo-el-partido\/","title":{"rendered":"Claudio \u00dabeda: \u00abLa expulsi\u00f3n nos condicion\u00f3 todo el partido\u00bb"},"content":{"rendered":"<article id=\"article-post\" class=\"first\">\n<div class=\"cuerpo\" data-twitter-link=\"https:\/\/twitter.com\/intent\/tweet?url=https:\/\/www.diariopopular.com.ar\/c897826&amp;via=poopulardiario&amp;related=Popular&amp;text=\">\n<p id=\"p-1777433663369-7826\"><strong>Boca perdi\u00f3 1 a 0 con Cruzeiro sobre el final en Brasil<\/strong>\u00a0por la tercera fecha de la fase de grupos de la Copa Libertadores.<strong>\u00a0Claudio \u00dabeda asegur\u00f3 que \u00abla expulsi\u00f3n nos condicion\u00f3 todo el partido\u00bb con respecto a la roja a Adam Bareiro<\/strong>, despu\u00e9s de una primera amarilla pol\u00e9mica por un leve contacto.<\/p>\n<\/div>\n<\/article>\n<article id=\"article-post\">\n<div class=\"cuerpo\" data-twitter-link=\"#TWEMBEDLINK#\">\n<p id=\"p-1777433153733-60170\"><strong>\u201cRespecto a la expulsi\u00f3n, nosotros vimos que no hab\u00eda sido para nada sancionable.\u00a0<\/strong>El \u00e1rbitro decide sacar segunda tarjeta amarilla que cuando uno observa la imagen te das cuenta que Adam nunca hace el gesto de golpear.\u00a0<strong>Nos condicion\u00f3 todo el partido y nos dificult\u00f3 nuestro plan de juego\u201d,<\/strong>\u00a0se quej\u00f3 el Sif\u00f3n. Y agreg\u00f3: \u201cQued\u00f3 a la vista como fue el arbitraje de Ostojich.\u00a0<strong>Tuvo un exceso de protagonismo. Saco demasiadas amarillas\u201d.<\/strong><\/p>\n<\/div>\n<\/article>\n<article id=\"article-post\">\n<div class=\"cuerpo\" data-twitter-link=\"#TWEMBEDLINK#\">\n<div id=\"embed0_wrap\" class=\"embed_cont type_freetext\" contenteditable=\"false\">\n<div id=\"embed0_content\" class=\"embed_content\">\n<div id=\"embed0_embed\"><iframe loading=\"lazy\" title=\"YouTube video player\" src=\"https:\/\/www.youtube.com\/embed\/lWzJuHrCV1E?si=ButuETwJBXgE4Des\" width=\"560\" height=\"315\" frameborder=\"0\" allowfullscreen=\"allowfullscreen\" data-gtm-yt-inspected-15=\"true\" data-mce-fragment=\"1\"><\/iframe><\/div>\n<\/div>\n<div class=\"embed_wrapper-cont\">\n<div id=\"embed0_epigrafe\" class=\"embed_epigrafe\"><\/div>\n<div id=\"embed0_copyright\" class=\"embed_copyright\"><\/div>\n<\/div>\n<\/div>\n<p id=\"p-1777433153733-44371\">Tras la expulsi\u00f3n, \u00dabeda meti\u00f3 mano con los ingresos del Changuito Zeballos y Nicol\u00e1s Figal, quienes entraron bien para contragolpear y defender el resultado respectivamente, pero no alcanz\u00f3: \u201cNo fue para retrasarnos, sino para que tanto Blanco y Weigandt tengan la opci\u00f3n de pasar al ataque. Quer\u00edamos encontrar los espacios a trav\u00e9s del contragolpe.<strong>\u00a0No fue una estrategia para tirarnos atr\u00e1s\u00bb.<\/strong><\/p>\n<\/div>\n<\/article>\n<article id=\"article-post\">\n<div class=\"cuerpo\" data-twitter-link=\"#TWEMBEDLINK#\">\n<p id=\"p-1777433190228-95009\">Por \u00faltimo, respecto al final caliente que se vivi\u00f3 entre los jugadores tras las cargadas,\u00a0<strong>\u00dabeda fue claro: \u201dQuiero valorar el esfuerzo colectivo porque tuvimos mucho orden.<\/strong>\u00a0La reacci\u00f3n final es l\u00f3gica cuando perdes y tenes un rival que provoca. Intentamos todos que no pase a mayores\u201d.<\/p>\n<\/div>\n<\/article>\n","protected":false},"excerpt":{"rendered":"<p>Boca perdi\u00f3 1 a 0 con Cruzeiro sobre el final en Brasil\u00a0por la tercera fecha de la fase de grupos<\/p>\n","protected":false},"author":1,"featured_media":31105,"comment_status":"closed","ping_status":"closed","sticky":false,"template":"","format":"standard","meta":{"footnotes":"","jetpack_publicize_message":"","jetpack_publicize_feature_enabled":true,"jetpack_social_post_already_shared":true,"jetpack_social_options":{"image_generator_settings":{"template":"highway","enabled":false},"version":2}},"categories":[9],"tags":[],"class_list":["post-31104","post","type-post","status-publish","format-standard","has-post-thumbnail","hentry","category-deportes"],"jetpack_publicize_connections":[],"_links":{"self":[{"href":"https:\/\/diariorepublica.com.ar\/web\/index.php\/wp-json\/wp\/v2\/posts\/31104"}],"collection":[{"href":"https:\/\/diariorepublica.com.ar\/web\/index.php\/wp-json\/wp\/v2\/posts"}],"about":[{"href":"https:\/\/diariorepublica.com.ar\/web\/index.php\/wp-json\/wp\/v2\/types\/post"}],"author":[{"embeddable":true,"href":"https:\/\/diariorepublica.com.ar\/web\/index.php\/wp-json\/wp\/v2\/users\/1"}],"replies":[{"embeddable":true,"href":"https:\/\/diariorepublica.com.ar\/web\/index.php\/wp-json\/wp\/v2\/comments?post=31104"}],"version-history":[{"count":1,"href":"https:\/\/diariorepublica.com.ar\/web\/index.php\/wp-json\/wp\/v2\/posts\/31104\/revisions"}],"predecessor-version":[{"id":31106,"href":"https:\/\/diariorepublica.com.ar\/web\/index.php\/wp-json\/wp\/v2\/posts\/31104\/revisions\/31106"}],"wp:featuredmedia":[{"embeddable":true,"href":"https:\/\/diariorepublica.com.ar\/web\/index.php\/wp-json\/wp\/v2\/media\/31105"}],"wp:attachment":[{"href":"https:\/\/diariorepublica.com.ar\/web\/index.php\/wp-json\/wp\/v2\/media?parent=31104"}],"wp:term":[{"taxonomy":"category","embeddable":true,"href":"https:\/\/diariorepublica.com.ar\/web\/index.php\/wp-json\/wp\/v2\/categories?post=31104"},{"taxonomy":"post_tag","embeddable":true,"href":"https:\/\/diariorepublica.com.ar\/web\/index.php\/wp-json\/wp\/v2\/tags?post=31104"}],"curies":[{"name":"wp","href":"https:\/\/api.w.org\/{rel}","templated":true}]}}