{"id":31107,"date":"2026-04-29T07:47:33","date_gmt":"2026-04-29T10:47:33","guid":{"rendered":"https:\/\/diariorepublica.com.ar\/web\/?p=31107"},"modified":"2026-04-29T07:47:34","modified_gmt":"2026-04-29T10:47:34","slug":"franco-colapinto-conocio-a-lionel-messi","status":"publish","type":"post","link":"https:\/\/diariorepublica.com.ar\/web\/index.php\/deportes\/2026\/04\/29\/franco-colapinto-conocio-a-lionel-messi\/","title":{"rendered":"Franco Colapinto conoci\u00f3 a Lionel Messi"},"content":{"rendered":"<article id=\"article-post\" class=\"first\">\n<div class=\"cuerpo\" data-twitter-link=\"https:\/\/twitter.com\/intent\/tweet?url=https:\/\/www.diariopopular.com.ar\/c897712&amp;via=poopulardiario&amp;related=Popular&amp;text=\">\n<p id=\"p-1777414185030-79962\"><strong>Franco Colapinto conoci\u00f3 a Lionel Messi este martes en Miami<\/strong>, la ciudad donde juega Leo y donde \u00e9l se encuentra porque correr\u00e1 este domingo por la F\u00f3rmula 1. Por otro lado,\u00a0<strong>Rodrigo De Paul<\/strong>, que ya tuvo buena onda con el corredor,\u00a0<strong>fue parte del encuentro llevado a cabo en el centro de entrenamiento del Inter Miami.<\/strong><\/p>\n<\/div>\n<\/article>\n<article id=\"article-post\">\n<div class=\"cuerpo\" data-twitter-link=\"#TWEMBEDLINK#\">\n<p id=\"p-1777415187338-83239\"><strong>Colapinto llevaba mucho tiempo con ganas de conocer a Leo: su deseo lo reconoci\u00f3 p\u00fablicamente en muchas oportunidades y hasta le mand\u00f3 un casco con su firma y una dedicatoria.<\/strong>\u00a0Ahora, despu\u00e9s de tanto esperar, se alinearon los planetas para que se diera ese encuentro.<\/p>\n<\/div>\n<\/article>\n<article id=\"article-post\">\n<div class=\"cuerpo\" data-twitter-link=\"#TWEMBEDLINK#\">\n<p id=\"p-1777414844782-25640\"><strong>\u00abLa mejor energ\u00eda en el mundo, la energ\u00eda argentina. Gracias a nuestros embajadores, Messi, De Paul y Colapinto\u00bb, public\u00f3 YPF, protagonista central de la fotograf\u00eda:\u00a0<\/strong>los tres deportistas sostuvieron remeras azules con su logo. M\u00e1s all\u00e1 de que tiempo atr\u00e1s coment\u00f3 que \u00abquiero que el encuentro sea natural y que no vengan c\u00e1maras o sea algo de marketing, porque me dar\u00eda verg\u00fcenza\u00bb el v\u00ednculo de ambos con la marca hizo posible el encuentro.<\/p>\n<\/div>\n<\/article>\n<article id=\"article-post\">\n<div class=\"cuerpo\" data-twitter-link=\"#TWEMBEDLINK#\">\n<p id=\"p-1777414730810-15326\">\n<\/div>\n<\/article>\n<article id=\"article-post\">\n<div class=\"cuerpo\" data-twitter-link=\"#TWEMBEDLINK#\">\n<p id=\"p-1777415386169-14850\"><strong>Colapinto se adelant\u00f3 a su escuder\u00eda y lleg\u00f3 primero que todos a Estados Unidos para este encuentro.\u00a0<\/strong>El pilarense no podr\u00e1 asistir al duelo de Inter Miami con Orlando City de este s\u00e1bado pese a estar en la ciudad por su agenda en la F\u00f3rmula 1. Sin embargo, el Diez podr\u00eda decir presente en el Gran Premio de Miami.<\/p>\n<\/div>\n<\/article>\n","protected":false},"excerpt":{"rendered":"<p>Franco Colapinto conoci\u00f3 a Lionel Messi este martes en Miami, la ciudad donde juega Leo y donde \u00e9l se encuentra<\/p>\n","protected":false},"author":1,"featured_media":31108,"comment_status":"closed","ping_status":"closed","sticky":false,"template":"","format":"standard","meta":{"footnotes":"","jetpack_publicize_message":"","jetpack_publicize_feature_enabled":true,"jetpack_social_post_already_shared":true,"jetpack_social_options":{"image_generator_settings":{"template":"highway","enabled":false},"version":2}},"categories":[9],"tags":[],"class_list":["post-31107","post","type-post","status-publish","format-standard","has-post-thumbnail","hentry","category-deportes"],"jetpack_publicize_connections":[],"_links":{"self":[{"href":"https:\/\/diariorepublica.com.ar\/web\/index.php\/wp-json\/wp\/v2\/posts\/31107"}],"collection":[{"href":"https:\/\/diariorepublica.com.ar\/web\/index.php\/wp-json\/wp\/v2\/posts"}],"about":[{"href":"https:\/\/diariorepublica.com.ar\/web\/index.php\/wp-json\/wp\/v2\/types\/post"}],"author":[{"embeddable":true,"href":"https:\/\/diariorepublica.com.ar\/web\/index.php\/wp-json\/wp\/v2\/users\/1"}],"replies":[{"embeddable":true,"href":"https:\/\/diariorepublica.com.ar\/web\/index.php\/wp-json\/wp\/v2\/comments?post=31107"}],"version-history":[{"count":1,"href":"https:\/\/diariorepublica.com.ar\/web\/index.php\/wp-json\/wp\/v2\/posts\/31107\/revisions"}],"predecessor-version":[{"id":31109,"href":"https:\/\/diariorepublica.com.ar\/web\/index.php\/wp-json\/wp\/v2\/posts\/31107\/revisions\/31109"}],"wp:featuredmedia":[{"embeddable":true,"href":"https:\/\/diariorepublica.com.ar\/web\/index.php\/wp-json\/wp\/v2\/media\/31108"}],"wp:attachment":[{"href":"https:\/\/diariorepublica.com.ar\/web\/index.php\/wp-json\/wp\/v2\/media?parent=31107"}],"wp:term":[{"taxonomy":"category","embeddable":true,"href":"https:\/\/diariorepublica.com.ar\/web\/index.php\/wp-json\/wp\/v2\/categories?post=31107"},{"taxonomy":"post_tag","embeddable":true,"href":"https:\/\/diariorepublica.com.ar\/web\/index.php\/wp-json\/wp\/v2\/tags?post=31107"}],"curies":[{"name":"wp","href":"https:\/\/api.w.org\/{rel}","templated":true}]}}