{"id":31110,"date":"2026-04-29T11:48:00","date_gmt":"2026-04-29T14:48:00","guid":{"rendered":"https:\/\/diariorepublica.com.ar\/web\/?p=31110"},"modified":"2026-04-29T07:50:53","modified_gmt":"2026-04-29T10:50:53","slug":"nueva-regla-de-la-fifa-castigaran-con-roja-los-casos-prestianni-en-el-mundial-2026","status":"publish","type":"post","link":"https:\/\/diariorepublica.com.ar\/web\/index.php\/deportes\/2026\/04\/29\/nueva-regla-de-la-fifa-castigaran-con-roja-los-casos-prestianni-en-el-mundial-2026\/","title":{"rendered":"Nueva regla de la FIFA: castigar\u00e1n con roja los \u00abcasos Prestianni\u00bb en el Mundial 2026"},"content":{"rendered":"<p>El escandaloso episodio entre Gianluca Prestianni y Vinicius en la Champions League, que deriv\u00f3 en una dur\u00edsima sanci\u00f3n para el mediocampista argentino tras la denuncia de insulto racista, abri\u00f3 una fuerte discusi\u00f3n interna en la FIFA. Incluso, termina en una nueva regla para el Mundial 2026.<\/p>\n<p>En el marco del congreso de la Federaci\u00f3n en Vancouver, los directivos debatieron modificaciones en el reglamento para<b>\u00a0castigar casos de esta magnitud durante la Copa del Mundo.<\/b><\/p>\n<p>A partir de ahora, sancionar\u00e1<b>\u00a0con tarjeta roja a los futbolistas que se cubran la boca\u00a0<\/b>para enfrentarse a un rival durante el Mundial 2026.\u00a0<i>\u00abIFAB aprueba por unanimidad tarjeta roja para jugadores que cubran sus bocas para ocultar comportamiento discriminatorio\u00bb,<\/i>\u00a0expresaron desde la entidad. Y agregaron:<i>\u00a0\u00abEn una Reuni\u00f3n Especial celebrada en Vancouver, Canad\u00e1, el IFAB aprob\u00f3 por unanimidad dos enmiendas a las Leyes propuestas por la FIFA para abordar el comportamiento discriminatorio e inapropiado\u00bb.<br \/>\n\u00abA discreci\u00f3n del organizador de la competici\u00f3n, se podr\u00e1 sancionar con tarjeta roja a los jugadores que se tapen la boca cuando se encaren a un adversario\u00bb<\/i>, informaron en un comunicado<i>.<\/i><\/p>\n<p>Por otra parte, otra de las reglas que aprobaron es<b>\u00a0castigar con expulsi\u00f3n inmediata a los jugadores que salgan del campo de juego en protesta por decisiones arbitrales\u00a0<i>\u00abo a los miembros del cuerpo t\u00e9cnico que los exhorten a hacerlo\u00bb. \u00abEn un principio, se declarar\u00e1 la derrota del equipo que provoque que se suspenda el partido\u00bb<\/i>, advirtieron desde la FIFA<i>.<\/i><\/b><\/p>\n<p>Esta nueva regla es en respuesta al\u00a0esc\u00e1ndalo en la final de la Copa Africana de Naciones.\u00a0En aquel encuentro en enero,<b>\u00a0Senegal se retir\u00f3 de la cancha tras la sanci\u00f3n de un penal en contra.<\/b>\u00a0Luego los futbolistas regresaron, Brah\u00edm D\u00edaz fall\u00f3 su remate y los senegaleses finalmente ganaron por 1-0. Sin embargo, dos meses despu\u00e9s, la CAF declar\u00f3 campe\u00f3n a Marruecos, en un fallo escandaloso que\u00a0sigue en disputa y lleg\u00f3 al TAS.<\/p>\n<p>Estas reglas se suman a otras que\u00a0ya hab\u00eda anunciado la FIFA, que alcanzan al VAR, las sustituciones, la gesti\u00f3n de tiempo de los saques y la atenci\u00f3n m\u00e9dica. La intenci\u00f3n de la Federaci\u00f3n es evitar p\u00e9rdidas de tiempo, agilizar los partidos, sancionar los cambios lentos y priorizar el tiempo efectivo de juego a lo largo de la Copa del Mundo.<\/p>\n<p>tycsports.com<\/p>\n","protected":false},"excerpt":{"rendered":"<p>El escandaloso episodio entre Gianluca Prestianni y Vinicius en la Champions League, que deriv\u00f3 en una dur\u00edsima sanci\u00f3n para el<\/p>\n","protected":false},"author":1,"featured_media":31111,"comment_status":"closed","ping_status":"closed","sticky":false,"template":"","format":"standard","meta":{"footnotes":"","jetpack_publicize_message":"","jetpack_publicize_feature_enabled":true,"jetpack_social_post_already_shared":true,"jetpack_social_options":{"image_generator_settings":{"template":"highway","enabled":false},"version":2}},"categories":[9],"tags":[],"class_list":["post-31110","post","type-post","status-publish","format-standard","has-post-thumbnail","hentry","category-deportes"],"jetpack_publicize_connections":[],"_links":{"self":[{"href":"https:\/\/diariorepublica.com.ar\/web\/index.php\/wp-json\/wp\/v2\/posts\/31110"}],"collection":[{"href":"https:\/\/diariorepublica.com.ar\/web\/index.php\/wp-json\/wp\/v2\/posts"}],"about":[{"href":"https:\/\/diariorepublica.com.ar\/web\/index.php\/wp-json\/wp\/v2\/types\/post"}],"author":[{"embeddable":true,"href":"https:\/\/diariorepublica.com.ar\/web\/index.php\/wp-json\/wp\/v2\/users\/1"}],"replies":[{"embeddable":true,"href":"https:\/\/diariorepublica.com.ar\/web\/index.php\/wp-json\/wp\/v2\/comments?post=31110"}],"version-history":[{"count":1,"href":"https:\/\/diariorepublica.com.ar\/web\/index.php\/wp-json\/wp\/v2\/posts\/31110\/revisions"}],"predecessor-version":[{"id":31112,"href":"https:\/\/diariorepublica.com.ar\/web\/index.php\/wp-json\/wp\/v2\/posts\/31110\/revisions\/31112"}],"wp:featuredmedia":[{"embeddable":true,"href":"https:\/\/diariorepublica.com.ar\/web\/index.php\/wp-json\/wp\/v2\/media\/31111"}],"wp:attachment":[{"href":"https:\/\/diariorepublica.com.ar\/web\/index.php\/wp-json\/wp\/v2\/media?parent=31110"}],"wp:term":[{"taxonomy":"category","embeddable":true,"href":"https:\/\/diariorepublica.com.ar\/web\/index.php\/wp-json\/wp\/v2\/categories?post=31110"},{"taxonomy":"post_tag","embeddable":true,"href":"https:\/\/diariorepublica.com.ar\/web\/index.php\/wp-json\/wp\/v2\/tags?post=31110"}],"curies":[{"name":"wp","href":"https:\/\/api.w.org\/{rel}","templated":true}]}}