{"id":31113,"date":"2026-04-29T12:51:00","date_gmt":"2026-04-29T15:51:00","guid":{"rendered":"https:\/\/diariorepublica.com.ar\/web\/?p=31113"},"modified":"2026-04-29T07:54:55","modified_gmt":"2026-04-29T10:54:55","slug":"los-arbitros-para-la-decisiva-fecha-final-del-apertura","status":"publish","type":"post","link":"https:\/\/diariorepublica.com.ar\/web\/index.php\/deportes\/2026\/04\/29\/los-arbitros-para-la-decisiva-fecha-final-del-apertura\/","title":{"rendered":"Los \u00e1rbitros para la decisiva fecha final del Apertura"},"content":{"rendered":"<p>La Liga Profesional <b>present\u00f3 la n\u00f3mina de \u00e1rbitros que impartir\u00e1n justicia en los partidos<\/b>, con varios partidos claves programados para el domingo.<\/p>\n<p>El s\u00e1bado, el foco estar\u00e1 puesto en los duelos de las 18.45. All\u00ed, San Lorenzo, Independiente, Uni\u00f3n y Talleres definir\u00e1n sus suertes.<\/p>\n<p>Primero, el Cicl\u00f3n y el Rojo se medir\u00e1n en el Nuevo Gas\u00f3metro\u00a0<b>con Pablo D\u00f3valo como \u00e1rbitro principal<\/b>, acompa\u00f1ado de\u00a0<b>Juan Mamani y Lucas Pardo como asistentes, y Diego Ceballos como VAR<\/b>. En tanto, el Tatengue y la T jugar\u00e1n en Santa Fe\u00a0<b>con Sebasti\u00e1n Zunino como principal, Juan Pablo Bellati y Uriel Garc\u00eda Leri como asistentes y Facundo Tello como VAR.<\/b><\/p>\n<p>El domingo, los partidos de las 16 se presentan como plato fuerte. All\u00ed,\u00a0<b>Hern\u00e1n Mastr\u00e1ngelo dirigir\u00e1 el partido entre Central y Tigre<\/b>, mientras que\u00a0<b>Leandro Rey Hilfer ser\u00e1 el encargado del duelo entre Racing y Hurac\u00e1n<\/b>, en el Cilindro. Por otro lado,\u00a0<b>Juan Pafundi dirigir\u00e1 el partido entre Gimnasia y Argentinos<\/b>, mientras que\u00a0<b>Andr\u00e9s Gariano dirigir\u00e1 el encuentro entre Belgrano y Sarmiento<\/b>.<\/p>\n<h3>S\u00e1bado 2 de mayo<\/h3>\n<p><b>14.00 Barracas Central \u2013 Banfield (Zona B)<\/b><\/p>\n<ul>\n<li>\u00c1rbitro: Dar\u00edo Herrera<\/li>\n<li>\u00c1rbitro asistente 1: Miguel Savorani<\/li>\n<li>\u00c1rbitro asistente 2: Walter Ferreyra<\/li>\n<li>Cuarto \u00e1rbitro: Cristian Cernadas<\/li>\n<li>VAR: Silvio Trucco<\/li>\n<li>AVAR: Eduardo Lucero<\/li>\n<\/ul>\n<p><b>14.30 Lan\u00fas \u2013 Deportivo Riestra (Zona A)<\/b><\/p>\n<ul>\n<li>\u00c1rbitro: Sebasti\u00e1n Mart\u00ednez<\/li>\n<li>\u00c1rbitro asistente 1: Pablo Gualtieri<\/li>\n<li>\u00c1rbitro asistente 2: Carla L\u00f3pez<\/li>\n<li>Cuarto \u00e1rbitro: Jonathan Barrios<\/li>\n<li>VAR: Adri\u00e1n Franklin<\/li>\n<li>AVAR: Carlos C\u00f3rdoba<\/li>\n<\/ul>\n<p><b>16.15 Central C\u00f3rdoba \u2013 Boca (Zona A)<\/b><\/p>\n<ul>\n<li>\u00c1rbitro: Nazareno Arasa<\/li>\n<li>\u00c1rbitro asistente 1: Gabriel Chade<\/li>\n<li>\u00c1rbitro asistente 2: Jos\u00e9 Castelli<\/li>\n<li>Cuarto \u00e1rbitro: Nelson Sosa<\/li>\n<li>VAR: Lucas Novelli<\/li>\n<li>AVAR: Gast\u00f3n Su\u00e1rez<\/li>\n<\/ul>\n<p><b>18.45 San Lorenzo \u2013 Independiente (Zona A)<\/b><\/p>\n<ul>\n<li>\u00c1rbitro: Pablo D\u00f3valo<\/li>\n<li>\u00c1rbitro asistente 1: Juan Mamani<\/li>\n<li>\u00c1rbitro asistente 2: Lucas Pardo<\/li>\n<li>Cuarto \u00e1rbitro: Jorge Broggi<\/li>\n<li>VAR: Diego Ceballos<\/li>\n<li>AVAR: Diego Verlota<\/li>\n<\/ul>\n<p><b>18.45 Uni\u00f3n \u2013 Talleres (Zona A)<\/b><\/p>\n<ul>\n<li>\u00c1rbitro: Sebasti\u00e1n Zunino<\/li>\n<li>\u00c1rbitro asistente 1: Juan Pablo Belatti<\/li>\n<li>\u00c1rbitro asistente 2: Uriel Garc\u00eda Leri<\/li>\n<li>Cuarto \u00e1rbitro: Maximiliano L\u00f3pez Monti<\/li>\n<li>VAR: Facundo Tello<\/li>\n<li>AVAR: Marcos Horticolou<\/li>\n<\/ul>\n<p><b>21.15 Platense \u2013 Estudiantes (Zona A)<\/b><\/p>\n<ul>\n<li>\u00c1rbitro: Maximiliano Ram\u00edrez<\/li>\n<li>\u00c1rbitro asistente 1: Pablo Acevedo<\/li>\n<li>\u00c1rbitro asistente 2: Federico Lapalma<\/li>\n<li>Cuarto \u00e1rbitro: Nicol\u00e1s Mastroieni<\/li>\n<li>VAR: Hector Paletta<\/li>\n<li>AVAR: Lucas Comesa\u00f1a<\/li>\n<\/ul>\n<h3>Domingo 3 de mayo<\/h3>\n<p><b>13.30 Aldosivi \u2013 Ind. Rivadavia Mza. (Zona B)<\/b><\/p>\n<ul>\n<li>\u00c1rbitro: Pablo Echavarr\u00eda<\/li>\n<li>\u00c1rbitro asistente 1: Ernesto Callegari<\/li>\n<li>\u00c1rbitro asistente 2: Gisela Trucco<\/li>\n<li>Cuarto \u00e1rbitro: Valent\u00edn Pompei<\/li>\n<li>VAR: Germ\u00e1n Delfino<\/li>\n<li>AVAR: Jorge Broggi<\/li>\n<\/ul>\n<p><b>16.00 Rosario Central \u2013 Tigre (Zona B)<\/b><\/p>\n<ul>\n<li>\u00c1rbitro: Hern\u00e1n Mastr\u00e1ngelo<\/li>\n<li>\u00c1rbitro asistente 1: Hugo Paez<\/li>\n<li>\u00c1rbitro asistente 2: Federico Cano<\/li>\n<li>Cuarto \u00e1rbitro: Agust\u00edn Vegetti<\/li>\n<li>VAR: Fernando Echenique<\/li>\n<li>AVAR: Javier Mihura<\/li>\n<\/ul>\n<p><b>16.00 Racing \u2013 Hurac\u00e1n (Zona B)<\/b><\/p>\n<ul>\n<li>\u00c1rbitro: Leandro Rey Hilfer<\/li>\n<li>\u00c1rbitro asistente 1: Diego Bonfa<\/li>\n<li>\u00c1rbitro asistente 2: Erik Grunmann<\/li>\n<li>Cuarto \u00e1rbitro: Lucas Comesa\u00f1a<\/li>\n<li>VAR: Yamil Possi<\/li>\n<li>AVAR: Laura Fortunato<\/li>\n<\/ul>\n<p><b>16.00 Gimnasia \u2013 Argentinos (Zona B)<\/b><\/p>\n<ul>\n<li>\u00c1rbitro: Juan Pafundi<\/li>\n<li>\u00c1rbitro asistente 1: Adri\u00e1n Delbarba<\/li>\n<li>\u00c1rbitro asistente 2: Lucas Ripoli<\/li>\n<li>Cuarto \u00e1rbitro: Wenceslao Meneses<\/li>\n<li>VAR: Nicol\u00e1s Lamolina<\/li>\n<li>AVAR: Sebasti\u00e1n Habib<\/li>\n<\/ul>\n<p><b>16.00 Belgrano \u2013 Sarmiento (Zona B)<\/b><\/p>\n<ul>\n<li>\u00c1rbitro: Andr\u00e9s Gariano<\/li>\n<li>\u00c1rbitro asistente 1: Cristian Navarro<\/li>\n<li>\u00c1rbitro asistente 2: Mat\u00edas Bianchi<\/li>\n<li>Cuarto \u00e1rbitro: Emanuel Ejarque<\/li>\n<li>VAR: Fernando Espinoza<\/li>\n<li>AVAR: Marcelo Bistocco<\/li>\n<\/ul>\n<p><b>18.30 River \u2013 Atl\u00e9tico Tucum\u00e1n (Zona B)<\/b><\/p>\n<ul>\n<li>\u00c1rbitro: Yael Falc\u00f3n P\u00e9rez<\/li>\n<li>\u00c1rbitro asistente 1: Maximiliano Del Yesso<\/li>\n<li>\u00c1rbitro asistente 2: Sebasti\u00e1n Raineri<\/li>\n<li>Cuarto \u00e1rbitro: Ariel Penel<\/li>\n<li>VAR: Felipe Viola<\/li>\n<li>AVAR: Mariana De Almeida<\/li>\n<\/ul>\n<h3>Lunes 4 de mayo<\/h3>\n<p><b>17.00 Gimnasia Mza. \u2013 Defensa y Justicia (Zona A)<\/b><\/p>\n<ul>\n<li>\u00c1rbitro: Bruno Amiconi<\/li>\n<li>\u00c1rbitro asistente 1: Juan Del Fueyo<\/li>\n<li>\u00c1rbitro asistente 2: Joaqu\u00edn Badano<\/li>\n<li>Cuarto \u00e1rbitro: Pablo N\u00fa\u00f1ez<\/li>\n<li>VAR: Jos\u00e9 Carreras<\/li>\n<li>AVAR: Diego Romero<\/li>\n<\/ul>\n<p><b>19.15 V\u00e9lez \u2013 Newell\u2019s (Zona A)<\/b><\/p>\n<ul>\n<li>\u00c1rbitro: Luis Lobo Medina<\/li>\n<li>\u00c1rbitro asistente 1: Facundo Rodr\u00edguez<\/li>\n<li>\u00c1rbitro asistente 2: Carlos Viglietti<\/li>\n<li>Cuarto \u00e1rbitro: Francisco Acosta<\/li>\n<li>VAR: Salom\u00e9 Di Iorio<\/li>\n<li>AVAR: Agust\u00edn M\u00e9ndez<\/li>\n<\/ul>\n<p><b>21.30 Estudiantes (R\u00edo Cuarto) \u2013 Instituto (interzonal)<\/b><\/p>\n<ul>\n<li>\u00c1rbitro: Andr\u00e9s Merlos<\/li>\n<li>\u00c1rbitro asistente 1: Pablo Gonz\u00e1lez<\/li>\n<li>\u00c1rbitro asistente 2: Mauro Ramos Errasti<\/li>\n<li>Cuarto \u00e1rbitro: Lautaro Castagnola<\/li>\n<li>VAR: Ariel Penel<\/li>\n<li>AVAR: Nelson Sosa<\/li>\n<\/ul>\n<p>tycsports.com<\/p>\n","protected":false},"excerpt":{"rendered":"<p>La Liga Profesional present\u00f3 la n\u00f3mina de \u00e1rbitros que impartir\u00e1n justicia en los partidos, con varios partidos claves programados para<\/p>\n","protected":false},"author":1,"featured_media":31114,"comment_status":"closed","ping_status":"closed","sticky":false,"template":"","format":"standard","meta":{"footnotes":"","jetpack_publicize_message":"","jetpack_publicize_feature_enabled":true,"jetpack_social_post_already_shared":true,"jetpack_social_options":{"image_generator_settings":{"template":"highway","enabled":false},"version":2}},"categories":[9],"tags":[],"class_list":["post-31113","post","type-post","status-publish","format-standard","has-post-thumbnail","hentry","category-deportes"],"jetpack_publicize_connections":[],"_links":{"self":[{"href":"https:\/\/diariorepublica.com.ar\/web\/index.php\/wp-json\/wp\/v2\/posts\/31113"}],"collection":[{"href":"https:\/\/diariorepublica.com.ar\/web\/index.php\/wp-json\/wp\/v2\/posts"}],"about":[{"href":"https:\/\/diariorepublica.com.ar\/web\/index.php\/wp-json\/wp\/v2\/types\/post"}],"author":[{"embeddable":true,"href":"https:\/\/diariorepublica.com.ar\/web\/index.php\/wp-json\/wp\/v2\/users\/1"}],"replies":[{"embeddable":true,"href":"https:\/\/diariorepublica.com.ar\/web\/index.php\/wp-json\/wp\/v2\/comments?post=31113"}],"version-history":[{"count":1,"href":"https:\/\/diariorepublica.com.ar\/web\/index.php\/wp-json\/wp\/v2\/posts\/31113\/revisions"}],"predecessor-version":[{"id":31115,"href":"https:\/\/diariorepublica.com.ar\/web\/index.php\/wp-json\/wp\/v2\/posts\/31113\/revisions\/31115"}],"wp:featuredmedia":[{"embeddable":true,"href":"https:\/\/diariorepublica.com.ar\/web\/index.php\/wp-json\/wp\/v2\/media\/31114"}],"wp:attachment":[{"href":"https:\/\/diariorepublica.com.ar\/web\/index.php\/wp-json\/wp\/v2\/media?parent=31113"}],"wp:term":[{"taxonomy":"category","embeddable":true,"href":"https:\/\/diariorepublica.com.ar\/web\/index.php\/wp-json\/wp\/v2\/categories?post=31113"},{"taxonomy":"post_tag","embeddable":true,"href":"https:\/\/diariorepublica.com.ar\/web\/index.php\/wp-json\/wp\/v2\/tags?post=31113"}],"curies":[{"name":"wp","href":"https:\/\/api.w.org\/{rel}","templated":true}]}}