{"id":31116,"date":"2026-04-29T08:33:37","date_gmt":"2026-04-29T11:33:37","guid":{"rendered":"https:\/\/diariorepublica.com.ar\/web\/?p=31116"},"modified":"2026-04-29T08:33:39","modified_gmt":"2026-04-29T11:33:39","slug":"sturzenegger-le-apoyo-a-jalil-para-avanzar-con-la-desregulacion","status":"publish","type":"post","link":"https:\/\/diariorepublica.com.ar\/web\/index.php\/politica\/2026\/04\/29\/sturzenegger-le-apoyo-a-jalil-para-avanzar-con-la-desregulacion\/","title":{"rendered":"Sturzenegger le apoyo a Jalil para avanzar con la desregulaci\u00f3n"},"content":{"rendered":"<p>El ministro de Desregulaci\u00f3n y Modernizaci\u00f3n del Estado,\u00a0Federico Sturzenegger,\u00a0anunci\u00f3 que enviar\u00e1 al Congreso un paquete de leyes para garantizar la libre navegaci\u00f3n de los rios, entre otros proyectos para \u00abliberar\u00bb exportaciones. Respecto a la primera iniciativa, insit\u00f3 a dos gobernadores, que estaban presentes en el auditorio, a que insten a sus legisladores a que la respalden con sus votos.<\/p>\n<p>En su disertaci\u00f3n en\u00a0la exposici\u00f3n de econom\u00eda y Finanzas\u00a0ExpoEFI, frente a la Facultad de Derecho,\u00a0el funcionario se refiri\u00f3 a un paquete de desregulaciones que ser\u00e1 enviado al Congreso, que incluye el mercado de capitales, la industria de seguros y una reforma de la ley de Cabotaje.\u00a0Seg\u00fan sostuvo, la nueva legislaci\u00f3n promover\u00e1 la liberaci\u00f3n de la navegaci\u00f3n de los r\u00edos que, seg\u00fan \u00e9l, redundar\u00e1 en\u00a0\u00a0\u201cuna baja de costos tan grande\u201d que ser\u00eda equivalente a bajar las retenciones en ocho puntos.<\/p>\n<p>\u00abTuvimos guerra civiles para permitir la navegaci\u00f3n libre, nuestra gesta libertadora fue una gesta de desregulaci\u00f3n.\u00a0Si liberamos navegaci\u00f3n de cabotaje generar\u00edamos una reducci\u00f3n de costo equivalente a bajar las retenciones ocho puntos y seremos competitivos con China\u00bb, insisti\u00f3.<\/p>\n<p>En ese marco, Sturzenegger vio entre el p\u00fablico al gobernador de Catamarca,\u00a0Ra\u00fal Jalil, y lanz\u00f3:\u00a0\u00abEl\u00a0es uno de los protagonistas de nuestra historia minera.\u00a0Estoy haciendo\u00a0lobby, voy a necesitar sus votos en el Congreso, sus colegas los dieron para la Ley de Glaciares, ahora lo necesitamos para este cambio en el cabotaje \u00bb<\/p>\n<p>Lo propio hizo con el gobernador de Corrientes,\u00a0Juan Pablo Vald\u00e9s. \u00abEl director de tr\u00e1nsito fluvial me hizo recomendaciones, hicimos algunos cambios,\u00a0conf\u00edo en ustedes tambi\u00e9n para tener sus votos\u00bb,\u00a0le plante\u00f3 enfrente del auditorio.<\/p>\n<p>Finalmente, Sturzenegger anunci\u00f3 que impulsar\u00e1 una reforma en\u00a0la ley de Sociedades, para incorporar un cap\u00edtulo que permitir\u00e1\u00a0incorporar sociedades estrictamente integradas por Inteligencia Artificial (IA).<\/p>\n<p>\u201cEn diez a\u00f1os, el PBI va a estar conformado por agentes de IA.\u00a0Si creamos el r\u00e9gimen jur\u00eddico para que estos agentes se incorporen en la Argentina, podr\u00edamos ser 50 millones de argentinos y 50 millones de agentes de IA produciendo para todo el mundo, pero que pagan impuestos ac\u00e1.\u00a0Si logramos dar en la tecla, podr\u00edamos gravar a una tasa atractiva. Es algo simp\u00e1tico, pero tal vez muy transformador en lo que estamos trabajando. Hay que mirar para adelante, mirar lejos, para aprovechar las oportunidades de hoy\u201d, cerr\u00f3.<\/p>\n","protected":false},"excerpt":{"rendered":"<p>El ministro de Desregulaci\u00f3n y Modernizaci\u00f3n del Estado,\u00a0Federico Sturzenegger,\u00a0anunci\u00f3 que enviar\u00e1 al Congreso un paquete de leyes para garantizar la<\/p>\n","protected":false},"author":1,"featured_media":31117,"comment_status":"closed","ping_status":"closed","sticky":false,"template":"","format":"standard","meta":{"footnotes":"","jetpack_publicize_message":"","jetpack_publicize_feature_enabled":true,"jetpack_social_post_already_shared":true,"jetpack_social_options":{"image_generator_settings":{"template":"highway","enabled":false},"version":2}},"categories":[12],"tags":[],"class_list":["post-31116","post","type-post","status-publish","format-standard","has-post-thumbnail","hentry","category-politica"],"jetpack_publicize_connections":[],"_links":{"self":[{"href":"https:\/\/diariorepublica.com.ar\/web\/index.php\/wp-json\/wp\/v2\/posts\/31116"}],"collection":[{"href":"https:\/\/diariorepublica.com.ar\/web\/index.php\/wp-json\/wp\/v2\/posts"}],"about":[{"href":"https:\/\/diariorepublica.com.ar\/web\/index.php\/wp-json\/wp\/v2\/types\/post"}],"author":[{"embeddable":true,"href":"https:\/\/diariorepublica.com.ar\/web\/index.php\/wp-json\/wp\/v2\/users\/1"}],"replies":[{"embeddable":true,"href":"https:\/\/diariorepublica.com.ar\/web\/index.php\/wp-json\/wp\/v2\/comments?post=31116"}],"version-history":[{"count":1,"href":"https:\/\/diariorepublica.com.ar\/web\/index.php\/wp-json\/wp\/v2\/posts\/31116\/revisions"}],"predecessor-version":[{"id":31118,"href":"https:\/\/diariorepublica.com.ar\/web\/index.php\/wp-json\/wp\/v2\/posts\/31116\/revisions\/31118"}],"wp:featuredmedia":[{"embeddable":true,"href":"https:\/\/diariorepublica.com.ar\/web\/index.php\/wp-json\/wp\/v2\/media\/31117"}],"wp:attachment":[{"href":"https:\/\/diariorepublica.com.ar\/web\/index.php\/wp-json\/wp\/v2\/media?parent=31116"}],"wp:term":[{"taxonomy":"category","embeddable":true,"href":"https:\/\/diariorepublica.com.ar\/web\/index.php\/wp-json\/wp\/v2\/categories?post=31116"},{"taxonomy":"post_tag","embeddable":true,"href":"https:\/\/diariorepublica.com.ar\/web\/index.php\/wp-json\/wp\/v2\/tags?post=31116"}],"curies":[{"name":"wp","href":"https:\/\/api.w.org\/{rel}","templated":true}]}}