{"id":31119,"date":"2026-04-29T11:08:09","date_gmt":"2026-04-29T14:08:09","guid":{"rendered":"https:\/\/diariorepublica.com.ar\/web\/?p=31119"},"modified":"2026-04-29T11:08:11","modified_gmt":"2026-04-29T14:08:11","slug":"adorni-brinda-su-informe-de-gestion-en-diputados","status":"publish","type":"post","link":"https:\/\/diariorepublica.com.ar\/web\/index.php\/politica\/2026\/04\/29\/adorni-brinda-su-informe-de-gestion-en-diputados\/","title":{"rendered":"Adorni brinda su informe de gesti\u00f3n en Diputados"},"content":{"rendered":"<article id=\"article-post\" class=\"first\">\n<div class=\"cuerpo\" data-twitter-link=\"https:\/\/twitter.com\/intent\/tweet?url=https:\/\/www.diariopopular.com.ar\/c897693&amp;via=poopulardiario&amp;related=Popular&amp;text=\">\n<p id=\"p-1777401136666-83370\"><strong>El jefe de Gabinete, Manuel Adorni, se presenta este mi\u00e9rcoles desde las 10.45 en la C\u00e1mara de Diputados de la Naci\u00f3n<\/strong>\u00a0para brindar su informe de gesti\u00f3n, en una sesi\u00f3n atravesada por la tensi\u00f3n pol\u00edtica y el impacto de investigaciones en su contra.<\/p>\n<\/div>\n<\/article>\n<article id=\"article-post\">\n<div class=\"cuerpo\" data-twitter-link=\"#TWEMBEDLINK#\">\n<p id=\"p-1777401288294-92184\"><strong>La presentaci\u00f3n se realizar\u00e1 en el recinto de la C\u00e1mara baja<\/strong>\u00a0y tendr\u00e1 una duraci\u00f3n estimada de una hora.<strong>\u00a0Luego se abrir\u00e1 una ronda de preguntas de los bloques legislativos<\/strong>, en un contexto en el que la oposici\u00f3n buscar\u00e1 interpelarlo de manera directa, informaron fuentes parlamentarias.<\/p>\n<\/div>\n<\/article>\n<article id=\"article-post\">\n<div class=\"cuerpo\" data-twitter-link=\"#TWEMBEDLINK#\">\n<div id=\"embed17_wrap\" class=\"embed_cont type_freetext\" contenteditable=\"false\">\n<div id=\"embed17_content\" class=\"embed_content\">\n<div id=\"embed17_embed\">\n<div id=\"p-1777470065061-47659\" class=\"video_container\"><iframe loading=\"lazy\" class=\"video_iframe\" src=\"https:\/\/www.youtube.com\/embed\/JU3bjZB9LeU\" width=\"100%\" height=\"360\" frameborder=\"0\" scrolling=\"no\" data-gtm-yt-inspected-14=\"true\" data-mce-fragment=\"1\"><\/iframe><\/div>\n<\/div>\n<\/div>\n<div id=\"p-1777470065061-83563\" class=\"embed_wrapper-cont\">\n<div id=\"embed17_epigrafe\" class=\"embed_epigrafe\"><\/div>\n<div id=\"embed17_copyright\" class=\"embed_copyright\"><\/div>\n<\/div>\n<\/div>\n<p id=\"p-1777470056504-82261\">\n<\/div>\n<\/article>\n<article id=\"article-post\">\n<div class=\"cuerpo\" data-twitter-link=\"#TWEMBEDLINK#\"><\/div>\n<\/article>\n<article id=\"article-post\">\n<div class=\"cuerpo\" data-twitter-link=\"#TWEMBEDLINK#\">\n<p id=\"p-1777401288294-91924\">El informe escrito, que<strong>\u00a0incluye respuestas a unas 4.800 consultas enviadas por los diputados<\/strong>, ser\u00e1 distribuido previamente a la sesi\u00f3n, como parte del mecanismo de control parlamentario.<\/p>\n<p id=\"p-1777401288294-83219\">Desde el oficialismo anticipan una exposici\u00f3n de car\u00e1cter t\u00e9cnico, mientras que\u00a0<strong>los bloques opositores ya adelantaron que apuntar\u00e1n a cuestionar la gesti\u00f3n y exigir precisiones en distintos temas.<\/strong><\/p>\n<p id=\"p-1777401288294-8103\">El esquema de<strong>\u00a0la sesi\u00f3n prev\u00e9 un tiempo m\u00ednimo de cinco minutos por bloque para formular preguntas<\/strong>, con una primera ronda de intervenciones y una posterior respuesta del jefe de Gabinete.<\/p>\n<p id=\"p-1777401288294-25132\">La jornada contar\u00e1 con la presencia del<strong>\u00a0presidente Javier Milei<\/strong>, quien seguir\u00e1 la sesi\u00f3n desde los palcos<strong>\u00a0junto a funcionarios del Ejecutivo y varios referentes de La Libertad Avanza.<\/strong><\/p>\n<p id=\"p-1777402198687-70545\">Ante el rumor de que se diera el acceso a militantes del bloque libertario al recinto.\u00a0<strong>El diputado Esteban Paul\u00f3n pidi\u00f3 a la presidencia de la C\u00e1mara que se limite el ingreso de militantes a los balcones\u00a0<\/strong>para evitar interrupciones durante el debate. Adem\u00e1s de compartir un posteo en su cuenta de X con el t\u00edtulo\u00a0<strong><em>\u00abEl congreso no es el circo romano\u00bb.<\/em><\/strong><\/p>\n<div id=\"embed92_wrap\" class=\"embed_cont type_freetext\" contenteditable=\"false\">\n<div id=\"embed92_content\" class=\"embed_content\">\n<div id=\"embed92_embed\">\n<div class=\"twitter-tweet twitter-tweet-rendered\"><iframe id=\"twitter-widget-0\" class=\"\" title=\"X Post\" src=\"https:\/\/platform.twitter.com\/embed\/Tweet.html?creatorScreenName=diariopopular&amp;dnt=false&amp;embedId=twitter-widget-0&amp;features=eyJ0ZndfdGltZWxpbmVfbGlzdCI6eyJidWNrZXQiOltdLCJ2ZXJzaW9uIjpudWxsfSwidGZ3X2ZvbGxvd2VyX2NvdW50X3N1bnNldCI6eyJidWNrZXQiOnRydWUsInZlcnNpb24iOm51bGx9LCJ0ZndfdHdlZXRfZWRpdF9iYWNrZW5kIjp7ImJ1Y2tldCI6Im9uIiwidmVyc2lvbiI6bnVsbH0sInRmd19yZWZzcmNfc2Vzc2lvbiI6eyJidWNrZXQiOiJvbiIsInZlcnNpb24iOm51bGx9LCJ0ZndfZm9zbnJfc29mdF9pbnRlcnZlbnRpb25zX2VuYWJsZWQiOnsiYnVja2V0Ijoib24iLCJ2ZXJzaW9uIjpudWxsfSwidGZ3X21peGVkX21lZGlhXzE1ODk3Ijp7ImJ1Y2tldCI6InRyZWF0bWVudCIsInZlcnNpb24iOm51bGx9LCJ0ZndfZXhwZXJpbWVudHNfY29va2llX2V4cGlyYXRpb24iOnsiYnVja2V0IjoxMjA5NjAwLCJ2ZXJzaW9uIjpudWxsfSwidGZ3X3Nob3dfYmlyZHdhdGNoX3Bpdm90c19lbmFibGVkIjp7ImJ1Y2tldCI6Im9uIiwidmVyc2lvbiI6bnVsbH0sInRmd19kdXBsaWNhdGVfc2NyaWJlc190b19zZXR0aW5ncyI6eyJidWNrZXQiOiJvbiIsInZlcnNpb24iOm51bGx9LCJ0ZndfdXNlX3Byb2ZpbGVfaW1hZ2Vfc2hhcGVfZW5hYmxlZCI6eyJidWNrZXQiOiJvbiIsInZlcnNpb24iOm51bGx9LCJ0ZndfdmlkZW9faGxzX2R5bmFtaWNfbWFuaWZlc3RzXzE1MDgyIjp7ImJ1Y2tldCI6InRydWVfYml0cmF0ZSIsInZlcnNpb24iOm51bGx9LCJ0ZndfbGVnYWN5X3RpbWVsaW5lX3N1bnNldCI6eyJidWNrZXQiOnRydWUsInZlcnNpb24iOm51bGx9LCJ0ZndfdHdlZXRfZWRpdF9mcm9udGVuZCI6eyJidWNrZXQiOiJvbiIsInZlcnNpb24iOm51bGx9fQ%3D%3D&amp;frame=false&amp;hideCard=false&amp;hideThread=false&amp;id=2048843676999459319&amp;lang=en&amp;origin=https%3A%2F%2Fwww.diariopopular.com.ar%2Fpolitica%2Fmanuel-adorni-brinda-su-informe-gestion-diputados-n897693&amp;sessionId=a19c78b56bd2642121dd7f6544a9e7b547145871&amp;siteScreenName=diariopopular&amp;theme=light&amp;widgetsVersion=2615f7e52b7e0%3A1702314776716&amp;width=550px\" frameborder=\"0\" scrolling=\"no\" allowfullscreen=\"allowfullscreen\" data-gtm-yt-inspected-14=\"true\" data-tweet-id=\"2048843676999459319\" data-mce-fragment=\"1\"><\/iframe><\/div>\n<\/div>\n<\/div>\n<div id=\"p-1777400080574-84789\" class=\"embed_wrapper-cont\">\n<div id=\"embed92_epigrafe\" class=\"embed_epigrafe\"><\/div>\n<div id=\"embed92_copyright\" class=\"embed_copyright\"><\/div>\n<\/div>\n<\/div>\n<p id=\"p-1777401288294-91186\">Desde la oposici\u00f3n tambi\u00e9n<strong>\u00a0reclamaron que se garantice el normal desarrollo de la sesi\u00f3n<\/strong>\u00a0y que se mantenga el orden en el recinto, ante la posibilidad de una jornada con fuerte confrontaci\u00f3n pol\u00edtica.<\/p>\n<p id=\"p-1777401288294-26112\">La exposici\u00f3n de Adorni se da en un escenario de alta tensi\u00f3n y con expectativa<strong>\u00a0por el tono que adoptar\u00e1 el intercambio con los legisladores. Sumado a todas las polemicas del Jefe de Gabinete en las \u00faltimas semanas\u00a0<\/strong>con el caso los vuelos a Aruba y Punta del Este; y el aumento exponencial de su patrimonio.<\/p>\n<p id=\"p-1777401288294-55418\">La sesi\u00f3n de este mi\u00e9rcoles<strong>\u00a0ser\u00e1 la primera presentaci\u00f3n de este tipo del Jefe de Gabinete\u00a0<\/strong>en medio de una ca\u00edda de la imagen de la gesti\u00f3n del Gobierno.<\/p>\n<\/div>\n<\/article>\n","protected":false},"excerpt":{"rendered":"<p>El jefe de Gabinete, Manuel Adorni, se presenta este mi\u00e9rcoles desde las 10.45 en la C\u00e1mara de Diputados de la<\/p>\n","protected":false},"author":1,"featured_media":31120,"comment_status":"closed","ping_status":"closed","sticky":false,"template":"","format":"standard","meta":{"footnotes":"","jetpack_publicize_message":"","jetpack_publicize_feature_enabled":true,"jetpack_social_post_already_shared":true,"jetpack_social_options":{"image_generator_settings":{"template":"highway","enabled":false},"version":2}},"categories":[12],"tags":[],"class_list":["post-31119","post","type-post","status-publish","format-standard","has-post-thumbnail","hentry","category-politica"],"jetpack_publicize_connections":[],"_links":{"self":[{"href":"https:\/\/diariorepublica.com.ar\/web\/index.php\/wp-json\/wp\/v2\/posts\/31119"}],"collection":[{"href":"https:\/\/diariorepublica.com.ar\/web\/index.php\/wp-json\/wp\/v2\/posts"}],"about":[{"href":"https:\/\/diariorepublica.com.ar\/web\/index.php\/wp-json\/wp\/v2\/types\/post"}],"author":[{"embeddable":true,"href":"https:\/\/diariorepublica.com.ar\/web\/index.php\/wp-json\/wp\/v2\/users\/1"}],"replies":[{"embeddable":true,"href":"https:\/\/diariorepublica.com.ar\/web\/index.php\/wp-json\/wp\/v2\/comments?post=31119"}],"version-history":[{"count":1,"href":"https:\/\/diariorepublica.com.ar\/web\/index.php\/wp-json\/wp\/v2\/posts\/31119\/revisions"}],"predecessor-version":[{"id":31121,"href":"https:\/\/diariorepublica.com.ar\/web\/index.php\/wp-json\/wp\/v2\/posts\/31119\/revisions\/31121"}],"wp:featuredmedia":[{"embeddable":true,"href":"https:\/\/diariorepublica.com.ar\/web\/index.php\/wp-json\/wp\/v2\/media\/31120"}],"wp:attachment":[{"href":"https:\/\/diariorepublica.com.ar\/web\/index.php\/wp-json\/wp\/v2\/media?parent=31119"}],"wp:term":[{"taxonomy":"category","embeddable":true,"href":"https:\/\/diariorepublica.com.ar\/web\/index.php\/wp-json\/wp\/v2\/categories?post=31119"},{"taxonomy":"post_tag","embeddable":true,"href":"https:\/\/diariorepublica.com.ar\/web\/index.php\/wp-json\/wp\/v2\/tags?post=31119"}],"curies":[{"name":"wp","href":"https:\/\/api.w.org\/{rel}","templated":true}]}}