{"id":31122,"date":"2026-04-30T07:39:37","date_gmt":"2026-04-30T10:39:37","guid":{"rendered":"https:\/\/diariorepublica.com.ar\/web\/?p=31122"},"modified":"2026-04-30T07:39:39","modified_gmt":"2026-04-30T10:39:39","slug":"la-municipalidad-de-la-capital-adelanto-el-pago-de-sueldos-para-el-viernes","status":"publish","type":"post","link":"https:\/\/diariorepublica.com.ar\/web\/index.php\/locales\/2026\/04\/30\/la-municipalidad-de-la-capital-adelanto-el-pago-de-sueldos-para-el-viernes\/","title":{"rendered":"La Municipalidad de la Capital adelant\u00f3 el pago de sueldos para el viernes"},"content":{"rendered":"<p>La Municipalidad de la Capital inform\u00f3 que adelanta el pago de haberes para los trabajadores comunales, en el marco de la celebraci\u00f3n por el D\u00eda del Trabajador.<\/p>\n<p><strong>ronograma<\/strong><\/p>\n<p>El\u00a0viernes 1 de mayo\u00a0se acreditar\u00e1n los haberes para:<\/p>\n<ul>\n<li>Planta permanente<\/li>\n<li>Programa Catamarca Ciudad Trabaja<\/li>\n<li>Contratos de locaci\u00f3n de obra<\/li>\n<\/ul>\n<p><strong>Pago por ventanilla<\/strong><\/p>\n<p>En tanto, quienes deban cobrar por ventanilla podr\u00e1n hacerlo el\u00a0jueves 30 de abril, en el horario de\u00a08 a 13 horas y de 14 a 16 horas.<\/p>\n","protected":false},"excerpt":{"rendered":"<p>La Municipalidad de la Capital inform\u00f3 que adelanta el pago de haberes para los trabajadores comunales, en el marco de<\/p>\n","protected":false},"author":1,"featured_media":31123,"comment_status":"closed","ping_status":"closed","sticky":false,"template":"","format":"standard","meta":{"footnotes":"","jetpack_publicize_message":"","jetpack_publicize_feature_enabled":true,"jetpack_social_post_already_shared":true,"jetpack_social_options":{"image_generator_settings":{"template":"highway","enabled":false},"version":2}},"categories":[2],"tags":[],"class_list":["post-31122","post","type-post","status-publish","format-standard","has-post-thumbnail","hentry","category-locales"],"jetpack_publicize_connections":[],"_links":{"self":[{"href":"https:\/\/diariorepublica.com.ar\/web\/index.php\/wp-json\/wp\/v2\/posts\/31122"}],"collection":[{"href":"https:\/\/diariorepublica.com.ar\/web\/index.php\/wp-json\/wp\/v2\/posts"}],"about":[{"href":"https:\/\/diariorepublica.com.ar\/web\/index.php\/wp-json\/wp\/v2\/types\/post"}],"author":[{"embeddable":true,"href":"https:\/\/diariorepublica.com.ar\/web\/index.php\/wp-json\/wp\/v2\/users\/1"}],"replies":[{"embeddable":true,"href":"https:\/\/diariorepublica.com.ar\/web\/index.php\/wp-json\/wp\/v2\/comments?post=31122"}],"version-history":[{"count":1,"href":"https:\/\/diariorepublica.com.ar\/web\/index.php\/wp-json\/wp\/v2\/posts\/31122\/revisions"}],"predecessor-version":[{"id":31124,"href":"https:\/\/diariorepublica.com.ar\/web\/index.php\/wp-json\/wp\/v2\/posts\/31122\/revisions\/31124"}],"wp:featuredmedia":[{"embeddable":true,"href":"https:\/\/diariorepublica.com.ar\/web\/index.php\/wp-json\/wp\/v2\/media\/31123"}],"wp:attachment":[{"href":"https:\/\/diariorepublica.com.ar\/web\/index.php\/wp-json\/wp\/v2\/media?parent=31122"}],"wp:term":[{"taxonomy":"category","embeddable":true,"href":"https:\/\/diariorepublica.com.ar\/web\/index.php\/wp-json\/wp\/v2\/categories?post=31122"},{"taxonomy":"post_tag","embeddable":true,"href":"https:\/\/diariorepublica.com.ar\/web\/index.php\/wp-json\/wp\/v2\/tags?post=31122"}],"curies":[{"name":"wp","href":"https:\/\/api.w.org\/{rel}","templated":true}]}}