{"id":31125,"date":"2026-04-30T00:03:00","date_gmt":"2026-04-30T03:03:00","guid":{"rendered":"https:\/\/diariorepublica.com.ar\/web\/?p=31125"},"modified":"2026-04-30T07:44:35","modified_gmt":"2026-04-30T10:44:35","slug":"avanzan-las-obras-de-repavimentacion-en-av-galindez-y-av-san-martin","status":"publish","type":"post","link":"https:\/\/diariorepublica.com.ar\/web\/index.php\/sociedad\/2026\/04\/30\/avanzan-las-obras-de-repavimentacion-en-av-galindez-y-av-san-martin\/","title":{"rendered":"Avanzan las obras de repavimentaci\u00f3n en Av. Gal\u00edndez y Av. San Mart\u00edn"},"content":{"rendered":"<p dir=\"ltr\">En el marco de un plan estrat\u00e9gico de recuperaci\u00f3n vial, la Municipalidad de la Capital, en conjunto con Vialidad Provincial, contin\u00faa ejecutando importantes obras de repavimentaci\u00f3n en las principales arterias de la ciudad. Las intervenciones tienen como objetivo optimizar la seguridad vial y dar respuesta al deterioro de la carpeta asf\u00e1ltica por el intenso flujo vehicular.<\/p>\n<p dir=\"ltr\">Actualmente, est\u00e1 intervenida la Av. Gobernador Gal\u00edndez en el tramo comprendido entre Gobernador Felipe Figueroa y Av. Virgen del Valle. Las tareas incluyen fresado y colocaci\u00f3n de concreto asf\u00e1ltico en una superficie de 17.220 m\u00b2. Por este motivo, el tr\u00e1nsito permanecer\u00e1 interrumpido en el corredor este-oeste este martes de 08:00 a 17:00 horas.<\/p>\n<p dir=\"ltr\">En paralelo, en Av. San Mart\u00edn, se interviene un tramo de 18 cuadras, desde Acosta Villafa\u00f1ez hasta Av. Padre Santiago Sonzi. All\u00ed se ejecutan 17.086 m\u00b2 de nueva carpeta asf\u00e1ltica, bacheo, imprimaci\u00f3n y la reparaci\u00f3n de 60 metros lineales de cord\u00f3n cuneta y 14 badenes.<\/p>\n<p dir=\"ltr\">Al respecto, el secretario de Urbanismo y Arquitectura, Javier Varela, destac\u00f3 la integralidad del operativo: \u00abEstamos mejorando la infraestructura para optimizar la circulaci\u00f3n. No se trata solo de parches, sino de una renovaci\u00f3n total que incluye un plan intensivo de bacheo en toda la Capital\u00bb.<\/p>\n<p dir=\"ltr\"><strong>Pr\u00f3ximas intervenciones<\/strong><\/p>\n<p dir=\"ltr\">Varela adelant\u00f3 que, una vez finalizados los actuales frentes, las cuadrillas se trasladar\u00e1n a:<\/p>\n<p dir=\"ltr\">Calle Ingamana (Barrio 920): Conexi\u00f3n clave entre la zona oeste y Av. Gal\u00edndez.<\/p>\n<p dir=\"ltr\">Avenida Col\u00f3n: Se aplicar\u00e1 tecnolog\u00eda de microaglomerado para prolongar la vida \u00fatil del pavimento.<\/p>\n<p dir=\"ltr\">Avenida Manuel Navarro: Se proyecta una repavimentaci\u00f3n total de 3.2 kil\u00f3metros, una obra largamente esperada por los vecinos de la zona sur de la Capital.<\/p>\n<p dir=\"ltr\">Desde la Municipalidad se solicita a los conductores respetar la se\u00f1alizaci\u00f3n, utilizar v\u00edas alternativas y circular con extrema precauci\u00f3n en las zonas de obra para garantizar la seguridad de los trabajadores y peatones.<\/p>\n<p dir=\"ltr\">El municipio a cargo del Intendente Gustavo Saadi, con la ayuda del gobierno de la provincia, trabajan en un ambicioso plan de asfaltado que incluye a toda la Capital, no solo cubriendo nuevas arterias en las periferias y barrios que hist\u00f3ricamente solicitaban estas obras, sino mejorando las arterias ya existente que se deterioraron debido a la alta transitabilidad, por lo que se pide paciencia y colaboraci\u00f3n para pronto se pueda disfrutar de calles y avenidas m\u00e1s seguras, para el bienestar de los vecinos y turistas que deseen visitar la ciudad.<\/p>\n","protected":false},"excerpt":{"rendered":"<p>En el marco de un plan estrat\u00e9gico de recuperaci\u00f3n vial, la Municipalidad de la Capital, en conjunto con Vialidad Provincial,<\/p>\n","protected":false},"author":1,"featured_media":31126,"comment_status":"closed","ping_status":"closed","sticky":false,"template":"","format":"standard","meta":{"footnotes":"","jetpack_publicize_message":"","jetpack_publicize_feature_enabled":true,"jetpack_social_post_already_shared":true,"jetpack_social_options":{"image_generator_settings":{"template":"highway","enabled":false},"version":2}},"categories":[3],"tags":[],"class_list":["post-31125","post","type-post","status-publish","format-standard","has-post-thumbnail","hentry","category-sociedad"],"jetpack_publicize_connections":[],"_links":{"self":[{"href":"https:\/\/diariorepublica.com.ar\/web\/index.php\/wp-json\/wp\/v2\/posts\/31125"}],"collection":[{"href":"https:\/\/diariorepublica.com.ar\/web\/index.php\/wp-json\/wp\/v2\/posts"}],"about":[{"href":"https:\/\/diariorepublica.com.ar\/web\/index.php\/wp-json\/wp\/v2\/types\/post"}],"author":[{"embeddable":true,"href":"https:\/\/diariorepublica.com.ar\/web\/index.php\/wp-json\/wp\/v2\/users\/1"}],"replies":[{"embeddable":true,"href":"https:\/\/diariorepublica.com.ar\/web\/index.php\/wp-json\/wp\/v2\/comments?post=31125"}],"version-history":[{"count":1,"href":"https:\/\/diariorepublica.com.ar\/web\/index.php\/wp-json\/wp\/v2\/posts\/31125\/revisions"}],"predecessor-version":[{"id":31127,"href":"https:\/\/diariorepublica.com.ar\/web\/index.php\/wp-json\/wp\/v2\/posts\/31125\/revisions\/31127"}],"wp:featuredmedia":[{"embeddable":true,"href":"https:\/\/diariorepublica.com.ar\/web\/index.php\/wp-json\/wp\/v2\/media\/31126"}],"wp:attachment":[{"href":"https:\/\/diariorepublica.com.ar\/web\/index.php\/wp-json\/wp\/v2\/media?parent=31125"}],"wp:term":[{"taxonomy":"category","embeddable":true,"href":"https:\/\/diariorepublica.com.ar\/web\/index.php\/wp-json\/wp\/v2\/categories?post=31125"},{"taxonomy":"post_tag","embeddable":true,"href":"https:\/\/diariorepublica.com.ar\/web\/index.php\/wp-json\/wp\/v2\/tags?post=31125"}],"curies":[{"name":"wp","href":"https:\/\/api.w.org\/{rel}","templated":true}]}}