{"id":31131,"date":"2026-04-30T08:52:52","date_gmt":"2026-04-30T11:52:52","guid":{"rendered":"https:\/\/diariorepublica.com.ar\/web\/?p=31131"},"modified":"2026-04-30T08:52:54","modified_gmt":"2026-04-30T11:52:54","slug":"el-senado-convoca-a-jovenes-de-belen-para-el-parlamento-juvenil-del-clima-2026","status":"publish","type":"post","link":"https:\/\/diariorepublica.com.ar\/web\/index.php\/locales\/2026\/04\/30\/el-senado-convoca-a-jovenes-de-belen-para-el-parlamento-juvenil-del-clima-2026\/","title":{"rendered":"El Senado convoca a j\u00f3venes de Bel\u00e9n para el Parlamento Juvenil del Clima 2026"},"content":{"rendered":"<div>Con el objetivo de fomentar el compromiso ambiental y la participaci\u00f3n ciudadana, la senadora provincial por el departamento Bel\u00e9n, Soledad Blas, realiz\u00f3 el lanzamiento oficial del programa \u00abParlamento Juvenil del Clima &#8211; Bel\u00e9n 2026\u00bb. La iniciativa invita a estudiantes del ciclo superior del nivel secundario a identificar problem\u00e1ticas ambientales de su territorio y elaborar propuestas legislativas concretas orientadas al cuidado del entorno y el desarrollo sostenible.<\/div>\n<div>\nEl programa est\u00e1 destinado a j\u00f3venes que cursen el 4\u00b0, 5\u00b0, 6\u00b0 y 7\u00b0 a\u00f1o de escuelas de todo el departamento Bel\u00e9n. La participaci\u00f3n se realizar\u00e1 en equipos de dos integrantes, quienes podr\u00e1n pertenecer a la misma instituci\u00f3n o a distintas escuelas, promoviendo as\u00ed la integraci\u00f3n estudiantil bajo el lema: \u00abTu idea puede llegar al Senado\u00bb. Los proyectos deber\u00e1n abordar tem\u00e1ticas estrat\u00e9gicas como eficiencia energ\u00e9tica, recursos h\u00eddricos, econom\u00eda circular, biodiversidad, educaci\u00f3n ambiental y miner\u00eda sostenible.<\/p>\n<p><b>Instancia formativa y premios<\/b><\/div>\n<div><b><br \/>\n<\/b>Adem\u00e1s de su car\u00e1cter participativo, el Parlamento Juvenil del Clima constituye una instancia de formaci\u00f3n donde los estudiantes podr\u00e1n experimentar el funcionamiento del Poder Legislativo a trav\u00e9s del debate de ideas y la labor parlamentaria. Como incentivo a la excelencia y la innovaci\u00f3n, se anunci\u00f3 que el equipo ganador recibir\u00e1 dos iPhone 16, mientras que el proyecto m\u00e1s votado por la comunidad en redes sociales obtendr\u00e1 el Premio del P\u00fablico.<br \/>\n<b><br \/>\nCronograma y preinscripciones<\/b><\/div>\n<div><b><br \/>\n<\/b>Las y los interesados ya pueden realizar la preinscripci\u00f3n hasta el pr\u00f3ximo 11 de mayo mediante el escaneo del c\u00f3digo QR disponible en la folleter\u00eda oficial y redes sociales. El cronograma continuar\u00e1 con la entrega de proyectos hasta el 29 de mayo, seguido de una selecci\u00f3n por jurado y una instancia de votaci\u00f3n en redes durante la primera semana de junio. La actividad culminar\u00e1 el 9 de junio con la Sesi\u00f3n del Parlamento, donde los finalistas debatir\u00e1n sus propuestas en el recinto.<br \/>\n\u00abBuscamos fortalecer el pensamiento cr\u00edtico y la capacidad de generar soluciones con impacto real en nuestra comunidad. Queremos que la juventud de Bel\u00e9n sea protagonista activa frente a los desaf\u00edos ambientales de nuestro territorio\u00bb, destac\u00f3 la senadora Soledad Blas al invitar a la comunidad educativa a sumarse a esta propuesta legislativa.<\/div>\n","protected":false},"excerpt":{"rendered":"<p>Con el objetivo de fomentar el compromiso ambiental y la participaci\u00f3n ciudadana, la senadora provincial por el departamento Bel\u00e9n, Soledad<\/p>\n","protected":false},"author":1,"featured_media":31132,"comment_status":"closed","ping_status":"closed","sticky":false,"template":"","format":"standard","meta":{"footnotes":"","jetpack_publicize_message":"","jetpack_publicize_feature_enabled":true,"jetpack_social_post_already_shared":true,"jetpack_social_options":{"image_generator_settings":{"template":"highway","enabled":false},"version":2}},"categories":[2],"tags":[],"class_list":["post-31131","post","type-post","status-publish","format-standard","has-post-thumbnail","hentry","category-locales"],"jetpack_publicize_connections":[],"_links":{"self":[{"href":"https:\/\/diariorepublica.com.ar\/web\/index.php\/wp-json\/wp\/v2\/posts\/31131"}],"collection":[{"href":"https:\/\/diariorepublica.com.ar\/web\/index.php\/wp-json\/wp\/v2\/posts"}],"about":[{"href":"https:\/\/diariorepublica.com.ar\/web\/index.php\/wp-json\/wp\/v2\/types\/post"}],"author":[{"embeddable":true,"href":"https:\/\/diariorepublica.com.ar\/web\/index.php\/wp-json\/wp\/v2\/users\/1"}],"replies":[{"embeddable":true,"href":"https:\/\/diariorepublica.com.ar\/web\/index.php\/wp-json\/wp\/v2\/comments?post=31131"}],"version-history":[{"count":1,"href":"https:\/\/diariorepublica.com.ar\/web\/index.php\/wp-json\/wp\/v2\/posts\/31131\/revisions"}],"predecessor-version":[{"id":31133,"href":"https:\/\/diariorepublica.com.ar\/web\/index.php\/wp-json\/wp\/v2\/posts\/31131\/revisions\/31133"}],"wp:featuredmedia":[{"embeddable":true,"href":"https:\/\/diariorepublica.com.ar\/web\/index.php\/wp-json\/wp\/v2\/media\/31132"}],"wp:attachment":[{"href":"https:\/\/diariorepublica.com.ar\/web\/index.php\/wp-json\/wp\/v2\/media?parent=31131"}],"wp:term":[{"taxonomy":"category","embeddable":true,"href":"https:\/\/diariorepublica.com.ar\/web\/index.php\/wp-json\/wp\/v2\/categories?post=31131"},{"taxonomy":"post_tag","embeddable":true,"href":"https:\/\/diariorepublica.com.ar\/web\/index.php\/wp-json\/wp\/v2\/tags?post=31131"}],"curies":[{"name":"wp","href":"https:\/\/api.w.org\/{rel}","templated":true}]}}