{"id":31140,"date":"2026-04-30T06:56:00","date_gmt":"2026-04-30T09:56:00","guid":{"rendered":"https:\/\/diariorepublica.com.ar\/web\/?p=31140"},"modified":"2026-04-30T08:57:10","modified_gmt":"2026-04-30T11:57:10","slug":"dura-sancion-para-esteban-andrada-13-fechas-de-suspension-tras-la-brutal-agresion","status":"publish","type":"post","link":"https:\/\/diariorepublica.com.ar\/web\/index.php\/deportes\/2026\/04\/30\/dura-sancion-para-esteban-andrada-13-fechas-de-suspension-tras-la-brutal-agresion\/","title":{"rendered":"Dura sanci\u00f3n para Esteban Andrada: 13 fechas de suspensi\u00f3n tras la brutal agresi\u00f3n"},"content":{"rendered":"<article id=\"article-post\" class=\"first\">\n<div class=\"cuerpo\" data-twitter-link=\"https:\/\/twitter.com\/intent\/tweet?url=https:\/\/www.diariopopular.com.ar\/c897870&amp;via=poopulardiario&amp;related=Popular&amp;text=\">\n<p id=\"p-1777499214730-19126\"><strong>Esteban Andrada fue sancionado con 13 partidos de suspensi\u00f3n en La Liga de Espa\u00f1a,<\/strong>\u00a0en una decisi\u00f3n que impacta de lleno en su presente en el Real Zaragoza. El castigo incluye una fecha por la expulsi\u00f3n y otras 12 por la agresi\u00f3n posterior a un rival, en un fallo del Comit\u00e9 de Disciplina que lo deja pr\u00e1cticamente fuera de lo que resta de la temporada.<\/p>\n<\/div>\n<\/article>\n<article id=\"article-post\">\n<div class=\"cuerpo\" data-twitter-link=\"#TWEMBEDLINK#\">\n<p id=\"p-1777499214730-7452\"><strong>La sanci\u00f3n fue considerada \u00abejemplar\u00bb puertas adentro del f\u00fatbol espa\u00f1ol<\/strong>\u00a0y responde a la gravedad de lo ocurrido en el cl\u00e1sico ante el Huesca. Desde distintos sectores, incluso dirigentes como Javier Tebas, hab\u00edan pedido una pena dura. Adem\u00e1s, el propio club aragon\u00e9s emiti\u00f3 disculpas p\u00fablicas, mientras que\u00a0<strong>el arquero tambi\u00e9n reconoci\u00f3 su error:\u00a0<em>\u201cEstoy muy arrepentido, fue una reacci\u00f3n en caliente\u201d.<\/em><\/strong><\/p>\n<\/div>\n<\/article>\n<article id=\"article-post\">\n<div class=\"cuerpo\" data-twitter-link=\"#TWEMBEDLINK#\">\n<p id=\"p-1777499214730-22283\">El episodio que deriv\u00f3 en el castigo ocurri\u00f3 en el cierre de un partido que ven\u00eda tensionado.\u00a0<strong>Andrada vio la segunda amarilla tras un empuj\u00f3n a Jorge Pulido<\/strong>, en medio de un contexto caliente por la pelea en la zona baja de la tabla. Hasta ah\u00ed, una expulsi\u00f3n m\u00e1s dentro de un partido friccionado.<\/p>\n<\/div>\n<\/article>\n<article id=\"article-post\">\n<div class=\"cuerpo\" data-twitter-link=\"#TWEMBEDLINK#\">Sin embargo, lo peor lleg\u00f3 inmediatamente despu\u00e9s:\u00a0<strong>fuera de s\u00ed, el arquero corri\u00f3 hacia su rival y le lanz\u00f3 una trompada directa al rostro<\/strong>, desatando un esc\u00e1ndalo generalizado en el campo de juego. El golpe dej\u00f3 secuelas visibles en Pulido, que termin\u00f3 con el p\u00f3mulo inflamado, mientras el \u00e1rbitro consign\u00f3 todo en su informe.<\/div>\n<\/article>\n<article id=\"article-post\">\n<div class=\"cuerpo\" data-twitter-link=\"#TWEMBEDLINK#\">\n<p id=\"p-1777501502655-84276\">La agresi\u00f3n de Andrada a Jorge Pulido tras su expulsi\u00f3n<\/p>\n<div id=\"embed25_wrap\" class=\"embed_cont type_freetext\" contenteditable=\"false\">\n<div id=\"embed25_content\" class=\"embed_content\">\n<div id=\"embed25_embed\">\n<div class=\"twitter-tweet twitter-tweet-rendered\"><iframe id=\"twitter-widget-0\" class=\"\" title=\"X Post\" src=\"https:\/\/platform.twitter.com\/embed\/Tweet.html?creatorScreenName=diariopopular&amp;dnt=false&amp;embedId=twitter-widget-0&amp;features=eyJ0ZndfdGltZWxpbmVfbGlzdCI6eyJidWNrZXQiOltdLCJ2ZXJzaW9uIjpudWxsfSwidGZ3X2ZvbGxvd2VyX2NvdW50X3N1bnNldCI6eyJidWNrZXQiOnRydWUsInZlcnNpb24iOm51bGx9LCJ0ZndfdHdlZXRfZWRpdF9iYWNrZW5kIjp7ImJ1Y2tldCI6Im9uIiwidmVyc2lvbiI6bnVsbH0sInRmd19yZWZzcmNfc2Vzc2lvbiI6eyJidWNrZXQiOiJvbiIsInZlcnNpb24iOm51bGx9LCJ0ZndfZm9zbnJfc29mdF9pbnRlcnZlbnRpb25zX2VuYWJsZWQiOnsiYnVja2V0Ijoib24iLCJ2ZXJzaW9uIjpudWxsfSwidGZ3X21peGVkX21lZGlhXzE1ODk3Ijp7ImJ1Y2tldCI6InRyZWF0bWVudCIsInZlcnNpb24iOm51bGx9LCJ0ZndfZXhwZXJpbWVudHNfY29va2llX2V4cGlyYXRpb24iOnsiYnVja2V0IjoxMjA5NjAwLCJ2ZXJzaW9uIjpudWxsfSwidGZ3X3Nob3dfYmlyZHdhdGNoX3Bpdm90c19lbmFibGVkIjp7ImJ1Y2tldCI6Im9uIiwidmVyc2lvbiI6bnVsbH0sInRmd19kdXBsaWNhdGVfc2NyaWJlc190b19zZXR0aW5ncyI6eyJidWNrZXQiOiJvbiIsInZlcnNpb24iOm51bGx9LCJ0ZndfdXNlX3Byb2ZpbGVfaW1hZ2Vfc2hhcGVfZW5hYmxlZCI6eyJidWNrZXQiOiJvbiIsInZlcnNpb24iOm51bGx9LCJ0ZndfdmlkZW9faGxzX2R5bmFtaWNfbWFuaWZlc3RzXzE1MDgyIjp7ImJ1Y2tldCI6InRydWVfYml0cmF0ZSIsInZlcnNpb24iOm51bGx9LCJ0ZndfbGVnYWN5X3RpbWVsaW5lX3N1bnNldCI6eyJidWNrZXQiOnRydWUsInZlcnNpb24iOm51bGx9LCJ0ZndfdHdlZXRfZWRpdF9mcm9udGVuZCI6eyJidWNrZXQiOiJvbiIsInZlcnNpb24iOm51bGx9fQ%3D%3D&amp;frame=false&amp;hideCard=false&amp;hideThread=false&amp;id=2048474152319799731&amp;lang=en&amp;maxWidth=560px&amp;origin=https%3A%2F%2Fwww.diariopopular.com.ar%2Ffutbol%2Fdura-sancion-esteban-andrada-13-fechas-suspension-la-brutal-agresion-n897870&amp;sessionId=7a9eea9b292c85db6fcc5055c52dbfe449b057f9&amp;siteScreenName=diariopopular&amp;theme=light&amp;widgetsVersion=2615f7e52b7e0%3A1702314776716&amp;width=550px\" frameborder=\"0\" scrolling=\"no\" allowfullscreen=\"allowfullscreen\" data-tweet-id=\"2048474152319799731\" data-gtm-yt-inspected-14=\"true\" data-mce-fragment=\"1\"><\/iframe><\/div>\n<\/div>\n<\/div>\n<div id=\"p-1777500633058-94671\" class=\"embed_wrapper-cont\">\n<div id=\"embed25_epigrafe\" class=\"embed_epigrafe\"><\/div>\n<div id=\"embed25_copyright\" class=\"embed_copyright\"><\/div>\n<\/div>\n<\/div>\n<h2 id=\"p-1777500288815-25725\"><\/h2>\n<p id=\"p-1777499214730-39128\">El impacto del hecho gener\u00f3 un fuerte repudio en Espa\u00f1a y aceler\u00f3 la decisi\u00f3n disciplinaria. M\u00e1s all\u00e1 de sus disculpas p\u00fablicas, Andrada qued\u00f3 en el centro de la pol\u00e9mica,\u00a0<strong>lo que ratific\u00f3 la decisi\u00f3n del club de no extender su pr\u00e9stamo y deber\u00e1 regresar a Monterrey una vez finalizada la temporada.<\/strong><\/p>\n<\/div>\n<\/article>\n","protected":false},"excerpt":{"rendered":"<p>Esteban Andrada fue sancionado con 13 partidos de suspensi\u00f3n en La Liga de Espa\u00f1a,\u00a0en una decisi\u00f3n que impacta de lleno<\/p>\n","protected":false},"author":1,"featured_media":31141,"comment_status":"closed","ping_status":"closed","sticky":false,"template":"","format":"standard","meta":{"footnotes":"","jetpack_publicize_message":"","jetpack_publicize_feature_enabled":true,"jetpack_social_post_already_shared":true,"jetpack_social_options":{"image_generator_settings":{"template":"highway","enabled":false},"version":2}},"categories":[9],"tags":[],"class_list":["post-31140","post","type-post","status-publish","format-standard","has-post-thumbnail","hentry","category-deportes"],"jetpack_publicize_connections":[],"_links":{"self":[{"href":"https:\/\/diariorepublica.com.ar\/web\/index.php\/wp-json\/wp\/v2\/posts\/31140"}],"collection":[{"href":"https:\/\/diariorepublica.com.ar\/web\/index.php\/wp-json\/wp\/v2\/posts"}],"about":[{"href":"https:\/\/diariorepublica.com.ar\/web\/index.php\/wp-json\/wp\/v2\/types\/post"}],"author":[{"embeddable":true,"href":"https:\/\/diariorepublica.com.ar\/web\/index.php\/wp-json\/wp\/v2\/users\/1"}],"replies":[{"embeddable":true,"href":"https:\/\/diariorepublica.com.ar\/web\/index.php\/wp-json\/wp\/v2\/comments?post=31140"}],"version-history":[{"count":1,"href":"https:\/\/diariorepublica.com.ar\/web\/index.php\/wp-json\/wp\/v2\/posts\/31140\/revisions"}],"predecessor-version":[{"id":31142,"href":"https:\/\/diariorepublica.com.ar\/web\/index.php\/wp-json\/wp\/v2\/posts\/31140\/revisions\/31142"}],"wp:featuredmedia":[{"embeddable":true,"href":"https:\/\/diariorepublica.com.ar\/web\/index.php\/wp-json\/wp\/v2\/media\/31141"}],"wp:attachment":[{"href":"https:\/\/diariorepublica.com.ar\/web\/index.php\/wp-json\/wp\/v2\/media?parent=31140"}],"wp:term":[{"taxonomy":"category","embeddable":true,"href":"https:\/\/diariorepublica.com.ar\/web\/index.php\/wp-json\/wp\/v2\/categories?post=31140"},{"taxonomy":"post_tag","embeddable":true,"href":"https:\/\/diariorepublica.com.ar\/web\/index.php\/wp-json\/wp\/v2\/tags?post=31140"}],"curies":[{"name":"wp","href":"https:\/\/api.w.org\/{rel}","templated":true}]}}