{"id":31143,"date":"2026-04-30T06:57:00","date_gmt":"2026-04-30T09:57:00","guid":{"rendered":"https:\/\/diariorepublica.com.ar\/web\/?p=31143"},"modified":"2026-04-30T08:59:14","modified_gmt":"2026-04-30T11:59:14","slug":"la-justicia-dejo-firme-restituir-la-pension-de-privilegio-a-cristina-kirchner","status":"publish","type":"post","link":"https:\/\/diariorepublica.com.ar\/web\/index.php\/nacionales\/2026\/04\/30\/la-justicia-dejo-firme-restituir-la-pension-de-privilegio-a-cristina-kirchner\/","title":{"rendered":"La Justicia dej\u00f3 firme restituir la pensi\u00f3n de privilegio a Cristina Kirchner"},"content":{"rendered":"<p><strong>La Sala III de la C\u00e1mara Federal de la Seguridad Social\u00a0<\/strong>rechaz\u00f3 este mi\u00e9rcoles un recurso extraordinario federal presentado por la ANSES y\u00a0<strong>dej\u00f3 firme la medida cautelar que obliga a restituir la pensi\u00f3n por viudez a Cristina Kirchner.<\/strong><\/p>\n<p><strong>Tras conocerse el fallo, el Ministerio de Capital Humano confirm\u00f3 que el Estado nacional recurrir\u00e1 en queja ante la Corte Suprema\u00a0<\/strong>de Justicia para intentar revertir la decisi\u00f3n.<\/p>\n<p>La pol\u00e9mica comenz\u00f3 a fines de 2024, cuando la ANSES dio de baja, mediante la Resoluci\u00f3n 1092,\u00a0<strong>la jubilaci\u00f3n presidencial y la pensi\u00f3n como viuda de N\u00e9stor Kirchner que percib\u00eda la ex mandataria.\u00a0<\/strong><\/p>\n<p>La administraci\u00f3n nacional tom\u00f3 esta determinaci\u00f3n tras la confirmaci\u00f3n de la condena en la causa Vialidad.<\/p>\n<p>Sin embargo,\u00a0<strong>los jueces Juan Fantini Albarenque y Sebasti\u00e1n Russo consideraron que el organismo previsional no pod\u00eda eliminar el beneficio de pensi\u00f3n por \u201ccuestiones de honor\u201d.<\/strong><\/p>\n<p title=\"__IP__\" data-ipspy=\"__IP__\">El tribunal estableci\u00f3 una distinci\u00f3n t\u00e9cnica entre ambas prestaciones: mientras aval\u00f3 la suspensi\u00f3n de la jubilaci\u00f3n correspondiente al cargo de presidenta debido a la condena judicial, orden\u00f3 que la pensi\u00f3n por viudez debe ser restituida al considerar inadmisible su baja por v\u00eda administrativa.<\/p>\n<p>Desde el Ministerio de Capital Humano cuestionaron la reciente decisi\u00f3n judicial al sostener que \u201cafecta el principio de legalidad\u201d y que no contempla la \u201cprohibici\u00f3n expresa del derecho al cobro\u201d derivada de la condena e inhabilitaci\u00f3n de la exmandataria.<\/p>\n","protected":false},"excerpt":{"rendered":"<p>La Sala III de la C\u00e1mara Federal de la Seguridad Social\u00a0rechaz\u00f3 este mi\u00e9rcoles un recurso extraordinario federal presentado por la<\/p>\n","protected":false},"author":1,"featured_media":31144,"comment_status":"closed","ping_status":"closed","sticky":false,"template":"","format":"standard","meta":{"footnotes":"","jetpack_publicize_message":"","jetpack_publicize_feature_enabled":true,"jetpack_social_post_already_shared":true,"jetpack_social_options":{"image_generator_settings":{"template":"highway","enabled":false},"version":2}},"categories":[4],"tags":[],"class_list":["post-31143","post","type-post","status-publish","format-standard","has-post-thumbnail","hentry","category-nacionales"],"jetpack_publicize_connections":[],"_links":{"self":[{"href":"https:\/\/diariorepublica.com.ar\/web\/index.php\/wp-json\/wp\/v2\/posts\/31143"}],"collection":[{"href":"https:\/\/diariorepublica.com.ar\/web\/index.php\/wp-json\/wp\/v2\/posts"}],"about":[{"href":"https:\/\/diariorepublica.com.ar\/web\/index.php\/wp-json\/wp\/v2\/types\/post"}],"author":[{"embeddable":true,"href":"https:\/\/diariorepublica.com.ar\/web\/index.php\/wp-json\/wp\/v2\/users\/1"}],"replies":[{"embeddable":true,"href":"https:\/\/diariorepublica.com.ar\/web\/index.php\/wp-json\/wp\/v2\/comments?post=31143"}],"version-history":[{"count":1,"href":"https:\/\/diariorepublica.com.ar\/web\/index.php\/wp-json\/wp\/v2\/posts\/31143\/revisions"}],"predecessor-version":[{"id":31145,"href":"https:\/\/diariorepublica.com.ar\/web\/index.php\/wp-json\/wp\/v2\/posts\/31143\/revisions\/31145"}],"wp:featuredmedia":[{"embeddable":true,"href":"https:\/\/diariorepublica.com.ar\/web\/index.php\/wp-json\/wp\/v2\/media\/31144"}],"wp:attachment":[{"href":"https:\/\/diariorepublica.com.ar\/web\/index.php\/wp-json\/wp\/v2\/media?parent=31143"}],"wp:term":[{"taxonomy":"category","embeddable":true,"href":"https:\/\/diariorepublica.com.ar\/web\/index.php\/wp-json\/wp\/v2\/categories?post=31143"},{"taxonomy":"post_tag","embeddable":true,"href":"https:\/\/diariorepublica.com.ar\/web\/index.php\/wp-json\/wp\/v2\/tags?post=31143"}],"curies":[{"name":"wp","href":"https:\/\/api.w.org\/{rel}","templated":true}]}}