{"id":31146,"date":"2026-04-30T07:59:00","date_gmt":"2026-04-30T10:59:00","guid":{"rendered":"https:\/\/diariorepublica.com.ar\/web\/?p=31146"},"modified":"2026-04-30T09:00:37","modified_gmt":"2026-04-30T12:00:37","slug":"causa-cuadernos-declarara-jose-lopez-el-acusado-que-mas-compromete-a-cristina-kirchner","status":"publish","type":"post","link":"https:\/\/diariorepublica.com.ar\/web\/index.php\/nacionales\/2026\/04\/30\/causa-cuadernos-declarara-jose-lopez-el-acusado-que-mas-compromete-a-cristina-kirchner\/","title":{"rendered":"Causa Cuadernos: declarar\u00e1 Jos\u00e9 L\u00f3pez, el acusado que m\u00e1s compromete a Cristina Kirchner"},"content":{"rendered":"<p>El\u00a0<strong>ex secretario de Obras P\u00fablicas Jos\u00e9 L\u00f3pez\u00a0<\/strong>deber\u00e1 declarar este jueves 30 ante el\u00a0<strong>Tribunal Oral Federal Nro. 7<\/strong>\u00a0y, con ello, se dar\u00e1 inicio a la\u00a0<strong>ronda de 43 testimonios<\/strong>\u00a0planificada en esta nueva etapa.<\/p>\n<p>L\u00f3pez, quien fue funcionario en los gobiernos kirchneristas entre 2003 y 2015, es el acusado que m\u00e1s compromete a la\u00a0<strong>ex presidenta Cristina Kirchner<\/strong>, debido a que es\u00a0una pieza clave en el\u00a0<strong>caso Cuadernos:\u00a0<\/strong>actu\u00f3 como\u00a0<strong>imputado colaborador<\/strong>, com\u00fanmente llamado<strong>\u00a0<\/strong>\u201c<strong>arrepentido<\/strong>\u201d, confes\u00f3 formar parte del sistema de\u00a0<strong>recaudaci\u00f3n ilegal de sobornos\u00a0<\/strong>por parte de contratistas y afirm\u00f3 haber estado vinculado con altos\u00a0<strong>funcionarios<\/strong>\u00a0que oficiaban de organizadores.<\/p>\n<p>Su figura tom\u00f3 estado p\u00fablico cuando fue detenido en el a\u00f1o 2016, mientras intentaba ocultar bolsos con millones de d\u00f3lares en un convento.<\/p>\n<p title=\"__IP__\" data-ipspy=\"__IP__\">Adem\u00e1s de su declaraci\u00f3n, est\u00e1n planificadas las indagatorias de los empresarios\u00a0<strong>Marcelo Marcuzzi<\/strong>, cuya defensa solicit\u00f3 una\u00a0<strong>\u00abreparaci\u00f3n integral<\/strong>\u00bb para su sobreseimiento, el cual fue rechazado por la fiscal de juicio\u00a0<strong>Fabiana Le\u00f3n<\/strong>,<strong>\u00a0<\/strong>y\u00a0<strong>Juan Jos\u00e9 Luciano,\u00a0<\/strong>un hombre vinculado al sector de la construcci\u00f3n y quien\u00a0figura en el expediente como uno de los\u00a0<strong>arrepentidos<\/strong>, que admiti\u00f3 ante la Justicia haber realizado pagos peri\u00f3dicos a ex funcionarios para mantener contratos de concesiones viales.<\/p>\n<p>En esta\u00a0<strong>etapa<\/strong>, que continuar\u00e1 en\u00a0<strong>mayo<\/strong>, ser\u00e1n convocados para dar testimonio varios periodistas que participaron en la investigaci\u00f3n inicial y exfuncionarios y allegados de los principales acusados, incluyendo a la exsecretaria de N\u00e9stor Kirchner, Miriam Quiroga, confirm\u00f3 la\u00a0<strong>Agencia Noticias Argentinas<\/strong>.<\/p>\n<p>Por el momento, el tribunal integrado por los jueces\u00a0<strong>Enrique M\u00e9ndez Signori<\/strong>,\u00a0<strong>Fernando Canero<\/strong>\u00a0y\u00a0<strong>Germ\u00e1n Castelli<\/strong> rechaz\u00f3 recientemente diversos pedidos de nulidad presentados por las defensas de los acusados para intentar detener el debate.<\/p>\n<p>NA<\/p>\n","protected":false},"excerpt":{"rendered":"<p>El\u00a0ex secretario de Obras P\u00fablicas Jos\u00e9 L\u00f3pez\u00a0deber\u00e1 declarar este jueves 30 ante el\u00a0Tribunal Oral Federal Nro. 7\u00a0y, con ello, se<\/p>\n","protected":false},"author":1,"featured_media":31147,"comment_status":"closed","ping_status":"closed","sticky":false,"template":"","format":"standard","meta":{"footnotes":"","jetpack_publicize_message":"","jetpack_publicize_feature_enabled":true,"jetpack_social_post_already_shared":true,"jetpack_social_options":{"image_generator_settings":{"template":"highway","enabled":false},"version":2}},"categories":[4],"tags":[],"class_list":["post-31146","post","type-post","status-publish","format-standard","has-post-thumbnail","hentry","category-nacionales"],"jetpack_publicize_connections":[],"_links":{"self":[{"href":"https:\/\/diariorepublica.com.ar\/web\/index.php\/wp-json\/wp\/v2\/posts\/31146"}],"collection":[{"href":"https:\/\/diariorepublica.com.ar\/web\/index.php\/wp-json\/wp\/v2\/posts"}],"about":[{"href":"https:\/\/diariorepublica.com.ar\/web\/index.php\/wp-json\/wp\/v2\/types\/post"}],"author":[{"embeddable":true,"href":"https:\/\/diariorepublica.com.ar\/web\/index.php\/wp-json\/wp\/v2\/users\/1"}],"replies":[{"embeddable":true,"href":"https:\/\/diariorepublica.com.ar\/web\/index.php\/wp-json\/wp\/v2\/comments?post=31146"}],"version-history":[{"count":1,"href":"https:\/\/diariorepublica.com.ar\/web\/index.php\/wp-json\/wp\/v2\/posts\/31146\/revisions"}],"predecessor-version":[{"id":31148,"href":"https:\/\/diariorepublica.com.ar\/web\/index.php\/wp-json\/wp\/v2\/posts\/31146\/revisions\/31148"}],"wp:featuredmedia":[{"embeddable":true,"href":"https:\/\/diariorepublica.com.ar\/web\/index.php\/wp-json\/wp\/v2\/media\/31147"}],"wp:attachment":[{"href":"https:\/\/diariorepublica.com.ar\/web\/index.php\/wp-json\/wp\/v2\/media?parent=31146"}],"wp:term":[{"taxonomy":"category","embeddable":true,"href":"https:\/\/diariorepublica.com.ar\/web\/index.php\/wp-json\/wp\/v2\/categories?post=31146"},{"taxonomy":"post_tag","embeddable":true,"href":"https:\/\/diariorepublica.com.ar\/web\/index.php\/wp-json\/wp\/v2\/tags?post=31146"}],"curies":[{"name":"wp","href":"https:\/\/api.w.org\/{rel}","templated":true}]}}