{"id":31149,"date":"2026-04-30T09:06:40","date_gmt":"2026-04-30T12:06:40","guid":{"rendered":"https:\/\/diariorepublica.com.ar\/web\/?p=31149"},"modified":"2026-04-30T09:06:42","modified_gmt":"2026-04-30T12:06:42","slug":"nuevas-autoridades-en-los-ministerios-de-educacion-y-produccion","status":"publish","type":"post","link":"https:\/\/diariorepublica.com.ar\/web\/index.php\/politica\/2026\/04\/30\/nuevas-autoridades-en-los-ministerios-de-educacion-y-produccion\/","title":{"rendered":"Nuevas autoridades en los ministerios de Educaci\u00f3n y Producci\u00f3n"},"content":{"rendered":"<p><strong class=\"bajada\">Este jueves por la ma\u00f1ana se concretar\u00e1 un movimiento clave dentro del gabinete provincial. A partir de las 9:45, en Casa de Gobierno, el gobernador Ra\u00fal Jalil encabezar\u00e1 el acto oficial de asunci\u00f3n de nuevos funcionarios.<\/strong><\/p>\n<p>La actual ministra de Trabajo, Ver\u00f3nica Soria, asumir\u00e1 al frente del Ministerio de Educaci\u00f3n, en un cambio que marca una reconfiguraci\u00f3n en una de las \u00e1reas m\u00e1s sensibles de la administraci\u00f3n p\u00fablica.<\/p>\n<p>Por otra parte, el doctor Luis Castro ser\u00e1 puesto en funciones como nuevo titular del Ministerio de Desarrollo Productivo, en reemplazo de Leonardo Zeballos, quien deja el cargo.<\/p>\n<p>El acto se enmarca en una serie de ajustes dentro del equipo de gobierno provincial, orientados a reforzar la gesti\u00f3n en sectores estrat\u00e9gicos. Se espera la presencia de autoridades, funcionarios y referentes de distintos \u00e1mbitos que acompa\u00f1ar\u00e1n la ceremonia oficial.<\/p>\n","protected":false},"excerpt":{"rendered":"<p>Este jueves por la ma\u00f1ana se concretar\u00e1 un movimiento clave dentro del gabinete provincial. A partir de las 9:45, en<\/p>\n","protected":false},"author":1,"featured_media":31150,"comment_status":"closed","ping_status":"closed","sticky":false,"template":"","format":"standard","meta":{"footnotes":"","jetpack_publicize_message":"","jetpack_publicize_feature_enabled":true,"jetpack_social_post_already_shared":true,"jetpack_social_options":{"image_generator_settings":{"template":"highway","enabled":false},"version":2}},"categories":[12],"tags":[],"class_list":["post-31149","post","type-post","status-publish","format-standard","has-post-thumbnail","hentry","category-politica"],"jetpack_publicize_connections":[],"_links":{"self":[{"href":"https:\/\/diariorepublica.com.ar\/web\/index.php\/wp-json\/wp\/v2\/posts\/31149"}],"collection":[{"href":"https:\/\/diariorepublica.com.ar\/web\/index.php\/wp-json\/wp\/v2\/posts"}],"about":[{"href":"https:\/\/diariorepublica.com.ar\/web\/index.php\/wp-json\/wp\/v2\/types\/post"}],"author":[{"embeddable":true,"href":"https:\/\/diariorepublica.com.ar\/web\/index.php\/wp-json\/wp\/v2\/users\/1"}],"replies":[{"embeddable":true,"href":"https:\/\/diariorepublica.com.ar\/web\/index.php\/wp-json\/wp\/v2\/comments?post=31149"}],"version-history":[{"count":1,"href":"https:\/\/diariorepublica.com.ar\/web\/index.php\/wp-json\/wp\/v2\/posts\/31149\/revisions"}],"predecessor-version":[{"id":31151,"href":"https:\/\/diariorepublica.com.ar\/web\/index.php\/wp-json\/wp\/v2\/posts\/31149\/revisions\/31151"}],"wp:featuredmedia":[{"embeddable":true,"href":"https:\/\/diariorepublica.com.ar\/web\/index.php\/wp-json\/wp\/v2\/media\/31150"}],"wp:attachment":[{"href":"https:\/\/diariorepublica.com.ar\/web\/index.php\/wp-json\/wp\/v2\/media?parent=31149"}],"wp:term":[{"taxonomy":"category","embeddable":true,"href":"https:\/\/diariorepublica.com.ar\/web\/index.php\/wp-json\/wp\/v2\/categories?post=31149"},{"taxonomy":"post_tag","embeddable":true,"href":"https:\/\/diariorepublica.com.ar\/web\/index.php\/wp-json\/wp\/v2\/tags?post=31149"}],"curies":[{"name":"wp","href":"https:\/\/api.w.org\/{rel}","templated":true}]}}